{"id":33809,"date":"2021-11-01T22:10:10","date_gmt":"2021-11-02T04:10:10","guid":{"rendered":"http:\/\/www.zonaroja.com.mx\/?p=33809"},"modified":"2021-11-01T22:10:13","modified_gmt":"2021-11-02T04:10:13","slug":"inicia-noviembre-en-oaxaca-con-tres-asesinatos-por-disparo-de-arma-de-fuego","status":"publish","type":"post","link":"https:\/\/zonaroja.com.mx\/?p=33809","title":{"rendered":"Inicia noviembre en Oaxaca con tres asesinatos por disparo de arma de fuego"},"content":{"rendered":"\n<p>Redacci\u00f3n\/Zona Roja.<\/p>\n\n\n\n<p>Oaxaca de Ju\u00e1rez, Oax., 1 de noviembre de 2021.- Al menos tres personas fueron asesinadas por disparos de arma de fuego este primer d\u00eda de noviembre, en las regiones Sierra Sur y Costa del estado de Oaxaca.<\/p>\n\n\n\n<p>En Santiago Amoltepec fue ultimado a balazos un individuo, por parte de sujetos desconocidos que lograron darse a la fuga; los pobladores cerraron los accesos para evitar que huyeran, pero no lograron atraparlos.<\/p>\n\n\n\n<p>La v\u00edctima respondi\u00f3 en vida al nombre de Lorenzo Hern\u00e1ndez Garc\u00eda, quien fue agredido a balazos la ma\u00f1ana de hoy en su domicilio, pero muri\u00f3 cuando era trasladado para su atenci\u00f3n m\u00e9dica.<\/p>\n\n\n\n<p>Por otra parte, en el municipio de Santiago Jamiltepec se registraron dos homicidios, en hechos distintos.<\/p>\n\n\n\n<p>El primer caso sucedi\u00f3 aproximadamente a las 14:00 horas, en la colonia Aviaci\u00f3n, en que fue atacado a balazos un individuo \u00fanicamente identificado como J. M., cuando se desplazaba a bordo de su unidad de motor.<\/p>\n\n\n\n<p>El otro hecho sucedi\u00f3 dos horas y media despu\u00e9s, en la localidad de San Jos\u00e9 R\u00edo Verde, en que mataron a balazos en su domicilio Marcos V. G., de 48 a\u00f1os de edad; muri\u00f3 cuando era llevado por param\u00e9dicos a una cl\u00ednica. <\/p>\n\n\n\n<p>En ambos casos, hasta el momento la Vicefiscal\u00eda Regional de la Costa no tiene ninguna persona detenida.  <\/p>\n","protected":false},"excerpt":{"rendered":"<p>Redacci\u00f3n\/Zona Roja. Oaxaca de Ju\u00e1rez, Oax., 1 de noviembre de 2021.- Al menos tres personas&hellip;<\/p>\n","protected":false},"author":2,"featured_media":30407,"comment_status":"closed","ping_status":"open","sticky":false,"template":"","format":"standard","meta":{"_lmt_disableupdate":"","_lmt_disable":"","_jetpack_memberships_contains_paid_content":false,"footnotes":""},"categories":[109,51],"tags":[860],"class_list":["post-33809","post","type-post","status-publish","format-standard","has-post-thumbnail","hentry","category-minuto-a-minuto","category-zona-roja","tag-santiago-amoltepec"],"jetpack_featured_media_url":"https:\/\/zonaroja.com.mx\/wp-content\/uploads\/2021\/08\/Escena-del-crimen-homicidio-violencia.jpg","jetpack_sharing_enabled":true,"_links":{"self":[{"href":"https:\/\/zonaroja.com.mx\/index.php?rest_route=\/wp\/v2\/posts\/33809","targetHints":{"allow":["GET"]}}],"collection":[{"href":"https:\/\/zonaroja.com.mx\/index.php?rest_route=\/wp\/v2\/posts"}],"about":[{"href":"https:\/\/zonaroja.com.mx\/index.php?rest_route=\/wp\/v2\/types\/post"}],"author":[{"embeddable":true,"href":"https:\/\/zonaroja.com.mx\/index.php?rest_route=\/wp\/v2\/users\/2"}],"replies":[{"embeddable":true,"href":"https:\/\/zonaroja.com.mx\/index.php?rest_route=%2Fwp%2Fv2%2Fcomments&post=33809"}],"version-history":[{"count":1,"href":"https:\/\/zonaroja.com.mx\/index.php?rest_route=\/wp\/v2\/posts\/33809\/revisions"}],"predecessor-version":[{"id":33813,"href":"https:\/\/zonaroja.com.mx\/index.php?rest_route=\/wp\/v2\/posts\/33809\/revisions\/33813"}],"wp:featuredmedia":[{"embeddable":true,"href":"https:\/\/zonaroja.com.mx\/index.php?rest_route=\/wp\/v2\/media\/30407"}],"wp:attachment":[{"href":"https:\/\/zonaroja.com.mx\/index.php?rest_route=%2Fwp%2Fv2%2Fmedia&parent=33809"}],"wp:term":[{"taxonomy":"category","embeddable":true,"href":"https:\/\/zonaroja.com.mx\/index.php?rest_route=%2Fwp%2Fv2%2Fcategories&post=33809"},{"taxonomy":"post_tag","embeddable":true,"href":"https:\/\/zonaroja.com.mx\/index.php?rest_route=%2Fwp%2Fv2%2Ftags&post=33809"}],"curies":[{"name":"wp","href":"https:\/\/api.w.org\/{rel}","templated":true}]}}