{"id":3381,"date":"2019-08-25T15:10:40","date_gmt":"2019-08-25T20:10:40","guid":{"rendered":"http:\/\/www.zonaroja.com.mx\/?p=3381"},"modified":"2019-08-25T15:10:43","modified_gmt":"2019-08-25T20:10:43","slug":"en-cuatro-meses-decidiran-justicia-para-presunto-asesino-de-pastor-evangelico","status":"publish","type":"post","link":"https:\/\/zonaroja.com.mx\/?p=3381","title":{"rendered":"En cuatro meses decidir\u00e1n justicia para presunto asesino de pastor evang\u00e9lico"},"content":{"rendered":"\n<p>Redacci\u00f3n\/Zona\nRoja.<\/p>\n\n\n\n<p>Oaxaca de\nJu\u00e1rez, Oax., 25 de agosto de 2019.- Ser\u00e1 dentro de cuatro meses en que el juez\nde la causa determine la sentencia que impondr\u00e1 a Emanuel A. L. V., presunto\nasesino del pastor evang\u00e9lico Alfredi L\u00edctor Cruz, ultimado hace ocho d\u00edas en\nTlalixtac de Cabrera.<\/p>\n\n\n\n<p>En la sala A\ndel Tribunal Superior de Justicia, este s\u00e1bado se efectu\u00f3 la audiencia en que\nla defensa del imputado opt\u00f3 por no presentar ninguna prueba de descargo,\nmientras tanto decret\u00f3 prisi\u00f3n preventiva. Hasta el momento, el probable\nhomicida tampoco ha revelado qui\u00e9n o qui\u00e9nes lo contrataron para matar al\nreligioso.<\/p>\n\n\n\n<p>Fue el\npasado domingo alrededor del mediod\u00eda en que el sujeto dispar\u00f3 a quemarropa en\ncontra del pastor Alfred\u00ed L\u00edctor, cuando conclu\u00eda un culto evang\u00e9lico.<\/p>\n\n\n\n<p>Al tratar de\nhuir, cay\u00f3 en una alcantarilla, por lo que los asistentes al servicio religioso\nlograron atraparlo y lo golpearon. Tras ello fue entregado a elementos de la\nPolic\u00eda Municipal, que a su vez lo pusieron a disposici\u00f3n de las autoridades\nministeriales.<\/p>\n\n\n\n<p>Ser\u00e1 hasta\ndentro de cuatro meses en que se cierre la investigaci\u00f3n y se determinar\u00e1 la\nsentencia al respecto por el delito de homicidio.<\/p>\n\n\n\n<p>De acuerdo\ncon un comunicado de la Fiscal\u00eda General del Estado, que abri\u00f3 la Carpeta de Investigaci\u00f3n\n28308\/FDAI\/UEIH\/2019, el pasado 18 de agosto de 2019 se report\u00f3 la existencia de\nun cad\u00e1ver del sexo masculino con impactos de bala en el interior de una\ncamioneta modelo Tiguan, marca Volkswagen, color negra, en el estacionamiento\nde una iglesia cristiana, ubicada en el barrio San Antonio de Tlalixtac, donde\nse encontraron cuatro elementos bal\u00edsticos de diferentes calibres.<\/p>\n\n\n\n<p>Al momento\nde su captura, el probable responsable &#8211;quien se desplazaba en una motocicleta&#8211;\nportaba un arma de fuego.<\/p>\n","protected":false},"excerpt":{"rendered":"<p>Redacci\u00f3n\/Zona Roja. Oaxaca de Ju\u00e1rez, Oax., 25 de agosto de 2019.- Ser\u00e1 dentro de cuatro&hellip;<\/p>\n","protected":false},"author":2,"featured_media":3179,"comment_status":"closed","ping_status":"open","sticky":false,"template":"","format":"standard","meta":{"_lmt_disableupdate":"","_lmt_disable":"","_jetpack_memberships_contains_paid_content":false,"footnotes":""},"categories":[109,51],"tags":[614,570],"class_list":["post-3381","post","type-post","status-publish","format-standard","has-post-thumbnail","hentry","category-minuto-a-minuto","category-zona-roja","tag-alfredi-lictor-cruz","tag-asesinan-a-pastor-evangelico-en-tlalixtac-oaxaca"],"jetpack_featured_media_url":"https:\/\/zonaroja.com.mx\/wp-content\/uploads\/2019\/08\/8bef453a-5e7a-49ff-a826-4d11d5d2361e.jpg","jetpack_sharing_enabled":true,"_links":{"self":[{"href":"https:\/\/zonaroja.com.mx\/index.php?rest_route=\/wp\/v2\/posts\/3381","targetHints":{"allow":["GET"]}}],"collection":[{"href":"https:\/\/zonaroja.com.mx\/index.php?rest_route=\/wp\/v2\/posts"}],"about":[{"href":"https:\/\/zonaroja.com.mx\/index.php?rest_route=\/wp\/v2\/types\/post"}],"author":[{"embeddable":true,"href":"https:\/\/zonaroja.com.mx\/index.php?rest_route=\/wp\/v2\/users\/2"}],"replies":[{"embeddable":true,"href":"https:\/\/zonaroja.com.mx\/index.php?rest_route=%2Fwp%2Fv2%2Fcomments&post=3381"}],"version-history":[{"count":1,"href":"https:\/\/zonaroja.com.mx\/index.php?rest_route=\/wp\/v2\/posts\/3381\/revisions"}],"predecessor-version":[{"id":3382,"href":"https:\/\/zonaroja.com.mx\/index.php?rest_route=\/wp\/v2\/posts\/3381\/revisions\/3382"}],"wp:featuredmedia":[{"embeddable":true,"href":"https:\/\/zonaroja.com.mx\/index.php?rest_route=\/wp\/v2\/media\/3179"}],"wp:attachment":[{"href":"https:\/\/zonaroja.com.mx\/index.php?rest_route=%2Fwp%2Fv2%2Fmedia&parent=3381"}],"wp:term":[{"taxonomy":"category","embeddable":true,"href":"https:\/\/zonaroja.com.mx\/index.php?rest_route=%2Fwp%2Fv2%2Fcategories&post=3381"},{"taxonomy":"post_tag","embeddable":true,"href":"https:\/\/zonaroja.com.mx\/index.php?rest_route=%2Fwp%2Fv2%2Ftags&post=3381"}],"curies":[{"name":"wp","href":"https:\/\/api.w.org\/{rel}","templated":true}]}}