{"id":33811,"date":"2021-11-01T21:15:19","date_gmt":"2021-11-02T03:15:19","guid":{"rendered":"https:\/\/www.zonaroja.com.mx\/?p=33811"},"modified":"2021-11-02T07:28:18","modified_gmt":"2021-11-02T13:28:18","slug":"se-fue-como-si-se-lo-tragara-la-tierra-mi-esposo-no-es-gente-que-provoca-a-alguien","status":"publish","type":"post","link":"https:\/\/zonaroja.com.mx\/?p=33811","title":{"rendered":"\u201cSe fue como si se lo tragara la tierra. Mi esposo no es gente que provoca a alguien\u201d"},"content":{"rendered":"\n<p>Evlin Arag\u00f3n\/Zona Roja.<\/p>\n\n\n\n<p>Oaxaca de Ju\u00e1rez, Oax., 1 de noviembre de 2021.-&nbsp;\u201cQu\u00e9 es lo que hace el pinche presidente (municipal), no hace nada\u2026 si tiene a mi esposo, que lo entregue, muerto o vivo pero que lo entregue\u201d, reclam\u00f3 una de las v\u00edctimas de los ataques violentos que se registraron en San Esteban Atatlahuaca desde el pasado 21 de octubre.&nbsp;&nbsp;<\/p>\n\n\n\n<p>El reproche es contundente para la autoridad municipal, a cuyos integrantes reclaman no s\u00f3lo la omisi\u00f3n para atender la problem\u00e1tica que se vive desde hace a\u00f1os, sino tambi\u00e9n el tomar partido y alentar a que las comunidades peleen entre s\u00ed, olvidando la convivencia en armon\u00eda como una familia.&nbsp;<\/p>\n\n\n\n<p>El drama, coraje, y las l\u00e1grimas inundan a la mujer, ya que su esposo es una de las personas desaparecidas tras los hechos violentos registrados. Y, aunque han realizado la b\u00fasqueda respectiva no han dado con el paradero del habitante de Mier y Ter\u00e1n.&nbsp;<\/p>\n\n\n\n<p>\u201cSe fue como si se lo tragara la tierra. Mi esposo no es gente que provoca a alguien, esa es obra del presidente municipal de Atatlahuaca\u201d, dijo a punto del llanto la mujer de avanzada edad.&nbsp;&nbsp;<\/p>\n\n\n\n<p>Este mismo sentido dio a conocer que ni el presidente municipal, ni el regidor de Hacienda, ni la s\u00edndica municipal han hecho nada por atender la violencia en la zona, por el contrario, han descuidado a su familia (comunidad) y no procuran su bienestar.  <\/p>\n\n\n\n<p><div class=\"twitter-tweet\"><blockquote class=\"twitter-tweet\" data-lang=\"es\"><p lang=\"es\" dir=\"ltr\">Drama, coraje, l\u00e1grimas de las v\u00edctimas de la violencia criminal en comunidades de <a href=\"https:\/\/twitter.com\/hashtag\/Atatlauca?src=hash&amp;ref_src=twsrc%5Etfw\">#Atatlauca<\/a>, <a href=\"https:\/\/twitter.com\/hashtag\/Oaxaca?src=hash&amp;ref_src=twsrc%5Etfw\">#Oaxaca<\/a>: <br>\u201cQu\u00e9 es lo que hace el pinche presidente (municipal), no hace nada\u2026 si tiene a mi esposo, que lo entregue, muerto o vivo pero que lo entregue\u201d, dice una de las v\u00edctimas. <a href=\"https:\/\/t.co\/qWksuxIWko\">pic.twitter.com\/qWksuxIWko<\/a><\/p>&mdash; Zona Roja Oaxaca (@Zona_Roja_Oax) <a href=\"https:\/\/twitter.com\/Zona_Roja_Oax\/status\/1455216222451212289?ref_src=twsrc%5Etfw\">1 de noviembre de 2021<\/a><\/blockquote><\/div><\/p>\n\n\n\n<p>\u201cLo que es el presidente, el regidor de Hacienda y la s\u00edndica municipal hacen es que la lumbre se haga m\u00e1s grande, eso es lo que hacen\u201d, manifest\u00f3.&nbsp;<\/p>\n\n\n\n<p>Con l\u00e1grimas en los ojos, rog\u00f3 a las autoridades que le informen sobre el paradero de su esposo; sin importar si est\u00e1 vivo o muerto ella quiere recuperar el cuerpo de quien la ha acompa\u00f1ado buena parte de su vida.&nbsp;<\/p>\n\n\n\n<p>As\u00ed mismo dio a conocer que, aunque han pasado diez d\u00edas de los hechos, los grupos armados contin\u00faan y la calma no ha vuelto, de ah\u00ed que muchas familias han huido ante la incapacidad de las autoridades, que tampoco han podido responder en materia de recursos y obra p\u00fablica.&nbsp;&nbsp;<\/p>\n\n\n\n<p>\u201cNunca ha llegado el presidente. Tenemos tres a\u00f1os que no ha dado ni un recurso, nada. Que es lo que quiere el presidente, yo s\u00f3lo quiero que me devuelva a mi esposo\u201d, concluy\u00f3.   <\/p>\n\n\n\n<p>De acuerdo con el Centro de Derechos Humanos y Asesor\u00eda a Pueblos Ind\u00edgenas (CEDHAPI), el saldo de los ataques registrados en las comunidades de Mier y Ter\u00e1n, Guerrero Grande, y Ndoyonoyuji asciende a un aproximado de 300 personas desplazadas, 120 casas quemadas, cuatro personas desaparecidas y una persona asesinada.  <\/p>\n","protected":false},"excerpt":{"rendered":"<p>Evlin Arag\u00f3n\/Zona Roja. Oaxaca de Ju\u00e1rez, Oax., 1 de noviembre de 2021.-&nbsp;\u201cQu\u00e9 es lo que&hellip;<\/p>\n","protected":false},"author":2,"featured_media":33822,"comment_status":"closed","ping_status":"open","sticky":false,"template":"","format":"standard","meta":{"_lmt_disableupdate":"","_lmt_disable":"","_jetpack_memberships_contains_paid_content":false,"footnotes":""},"categories":[109,47],"tags":[],"class_list":["post-33811","post","type-post","status-publish","format-standard","has-post-thumbnail","hentry","category-minuto-a-minuto","category-zona-gris"],"jetpack_featured_media_url":"https:\/\/zonaroja.com.mx\/wp-content\/uploads\/2021\/11\/Victimas-comunidades-Atatlahuca.jpg","jetpack_sharing_enabled":true,"_links":{"self":[{"href":"https:\/\/zonaroja.com.mx\/index.php?rest_route=\/wp\/v2\/posts\/33811","targetHints":{"allow":["GET"]}}],"collection":[{"href":"https:\/\/zonaroja.com.mx\/index.php?rest_route=\/wp\/v2\/posts"}],"about":[{"href":"https:\/\/zonaroja.com.mx\/index.php?rest_route=\/wp\/v2\/types\/post"}],"author":[{"embeddable":true,"href":"https:\/\/zonaroja.com.mx\/index.php?rest_route=\/wp\/v2\/users\/2"}],"replies":[{"embeddable":true,"href":"https:\/\/zonaroja.com.mx\/index.php?rest_route=%2Fwp%2Fv2%2Fcomments&post=33811"}],"version-history":[{"count":1,"href":"https:\/\/zonaroja.com.mx\/index.php?rest_route=\/wp\/v2\/posts\/33811\/revisions"}],"predecessor-version":[{"id":33812,"href":"https:\/\/zonaroja.com.mx\/index.php?rest_route=\/wp\/v2\/posts\/33811\/revisions\/33812"}],"wp:featuredmedia":[{"embeddable":true,"href":"https:\/\/zonaroja.com.mx\/index.php?rest_route=\/wp\/v2\/media\/33822"}],"wp:attachment":[{"href":"https:\/\/zonaroja.com.mx\/index.php?rest_route=%2Fwp%2Fv2%2Fmedia&parent=33811"}],"wp:term":[{"taxonomy":"category","embeddable":true,"href":"https:\/\/zonaroja.com.mx\/index.php?rest_route=%2Fwp%2Fv2%2Fcategories&post=33811"},{"taxonomy":"post_tag","embeddable":true,"href":"https:\/\/zonaroja.com.mx\/index.php?rest_route=%2Fwp%2Fv2%2Ftags&post=33811"}],"curies":[{"name":"wp","href":"https:\/\/api.w.org\/{rel}","templated":true}]}}