{"id":33817,"date":"2021-11-02T07:14:22","date_gmt":"2021-11-02T13:14:22","guid":{"rendered":"http:\/\/www.zonaroja.com.mx\/?p=33817"},"modified":"2021-11-02T07:14:26","modified_gmt":"2021-11-02T13:14:26","slug":"registra-oaxaca-2288-menores-huerfanos-por-covid-19","status":"publish","type":"post","link":"https:\/\/zonaroja.com.mx\/?p=33817","title":{"rendered":"Registra Oaxaca 2,288 menores hu\u00e9rfanos por Covid-19"},"content":{"rendered":"\n<p>Evlin Arag\u00f3n\/Zona Roja.<\/p>\n\n\n\n<p>Oaxaca de Ju\u00e1rez, Oax., 2 de noviembre de 2021.- De acuerdo con la asociaci\u00f3n civil M\u00e9xico Amp\u00e1rame, en Oaxaca hay un registro de aproximadamente dos mil 288 ni\u00f1as y ni\u00f1os en situaci\u00f3n de orfandad debido a la pandemia de Covid-19.<\/p>\n\n\n\n<p>Por lo anterior, su representante M\u00f3nica Santiago reconoci\u00f3 el avance que representa la reforma a la Ley Estatal de Ni\u00f1os, Ni\u00f1as y Adolescentes, para que a trav\u00e9s del Sistema para el Desarrollo Integral de la Familia (DIF), se cree el Padr\u00f3n Estatal de Ni\u00f1as, Ni\u00f1os y Adolescentes en estado de orfandad por el fallecimiento de madre, padre o de quien ejerza su guarda.<\/p>\n\n\n\n<p>De acuerdo con la activista, aunque la labor legislativa representa un paso importante, es fundamental que la sociedad se mantenga vigilante para que el padr\u00f3n se vuelva una realidad y se traduzca en la atenci\u00f3n de ni\u00f1as y ni\u00f1os que se quedaron en situaci\u00f3n de vulnerabilidad.&nbsp;<\/p>\n\n\n\n<p>\u201cSe dio un primer paso importante en la entidad. Pero ahora hay que seguirnos organizando para vigilar las condiciones en que se levantar\u00e1 el Padr\u00f3n y que realmente luego se procure atender a las ni\u00f1as y ni\u00f1os. \u201cNo queremos que esta Ley sea letra muerta\u201d, se\u00f1al\u00f3 M\u00f3nica Santiago.<\/p>\n\n\n\n<p>As\u00ed mismo, explic\u00f3 que desde M\u00e9xico Amp\u00e1rame promueven un registro nacional y local de menores de edad en situaci\u00f3n de orfandad por Covid-19; adem\u00e1s de acciones urgentes para garantizar su alimentaci\u00f3n y hogar.<\/p>\n\n\n\n<p>De igual forma buscan poner en marcha programas para su educaci\u00f3n, higiene y salud, ello sin demora y burocracia; adem\u00e1s de brindar atenci\u00f3n psicol\u00f3gica y emocional que evite que las ni\u00f1as y los ni\u00f1os tomen malas decisiones y malos caminos.<\/p>\n\n\n\n<p>La activista record\u00f3 que iniciaron con el trabajo desde el a\u00f1o pasado cuando se percataron que las infancias se quedaban solas. Sin padre, madre o sin ambos debido a la Covid-19. Eso nos motiv\u00f3 a hacer algo, a crear un movimiento. \u00abPrimero para sensibilizar y visibilizar esa problem\u00e1tica, y luego para proponer soluciones\u00bb.&nbsp;&nbsp;<\/p>\n\n\n\n<p>Fue apenas el 27 de octubre que el Congreso local se modific\u00f3 la ley que incluye a ni\u00f1as y ni\u00f1os que se han quedado en la orfandad debido a la emergencia sanitaria y a quienes sus familiares fallecieron por muerte natural o desastre ecol\u00f3gico.&nbsp;<\/p>\n\n\n\n<p>Y es que a partir de la publicaci\u00f3n de la normatividad se instituye a las autoridades de los tres niveles y \u00f3rdenes de gobierno que tengan conocimiento que una ni\u00f1a, ni\u00f1o o adolescente se encuentre sin familiares directos, tendr\u00e1n la obligaci\u00f3n de informar a las instituciones correspondientes.&nbsp;<\/p>\n","protected":false},"excerpt":{"rendered":"<p>Evlin Arag\u00f3n\/Zona Roja. Oaxaca de Ju\u00e1rez, Oax., 2 de noviembre de 2021.- De acuerdo con&hellip;<\/p>\n","protected":false},"author":2,"featured_media":20382,"comment_status":"closed","ping_status":"open","sticky":false,"template":"","format":"standard","meta":{"_lmt_disableupdate":"","_lmt_disable":"","_jetpack_memberships_contains_paid_content":false,"footnotes":""},"categories":[109,47],"tags":[1512],"class_list":["post-33817","post","type-post","status-publish","format-standard","has-post-thumbnail","hentry","category-minuto-a-minuto","category-zona-gris","tag-coronavirus-oaxaca"],"jetpack_featured_media_url":"https:\/\/zonaroja.com.mx\/wp-content\/uploads\/2020\/11\/Menores-de-edad-Covid.jpg","jetpack_sharing_enabled":true,"_links":{"self":[{"href":"https:\/\/zonaroja.com.mx\/index.php?rest_route=\/wp\/v2\/posts\/33817","targetHints":{"allow":["GET"]}}],"collection":[{"href":"https:\/\/zonaroja.com.mx\/index.php?rest_route=\/wp\/v2\/posts"}],"about":[{"href":"https:\/\/zonaroja.com.mx\/index.php?rest_route=\/wp\/v2\/types\/post"}],"author":[{"embeddable":true,"href":"https:\/\/zonaroja.com.mx\/index.php?rest_route=\/wp\/v2\/users\/2"}],"replies":[{"embeddable":true,"href":"https:\/\/zonaroja.com.mx\/index.php?rest_route=%2Fwp%2Fv2%2Fcomments&post=33817"}],"version-history":[{"count":1,"href":"https:\/\/zonaroja.com.mx\/index.php?rest_route=\/wp\/v2\/posts\/33817\/revisions"}],"predecessor-version":[{"id":33818,"href":"https:\/\/zonaroja.com.mx\/index.php?rest_route=\/wp\/v2\/posts\/33817\/revisions\/33818"}],"wp:featuredmedia":[{"embeddable":true,"href":"https:\/\/zonaroja.com.mx\/index.php?rest_route=\/wp\/v2\/media\/20382"}],"wp:attachment":[{"href":"https:\/\/zonaroja.com.mx\/index.php?rest_route=%2Fwp%2Fv2%2Fmedia&parent=33817"}],"wp:term":[{"taxonomy":"category","embeddable":true,"href":"https:\/\/zonaroja.com.mx\/index.php?rest_route=%2Fwp%2Fv2%2Fcategories&post=33817"},{"taxonomy":"post_tag","embeddable":true,"href":"https:\/\/zonaroja.com.mx\/index.php?rest_route=%2Fwp%2Fv2%2Ftags&post=33817"}],"curies":[{"name":"wp","href":"https:\/\/api.w.org\/{rel}","templated":true}]}}