{"id":33819,"date":"2021-11-02T07:26:54","date_gmt":"2021-11-02T13:26:54","guid":{"rendered":"http:\/\/www.zonaroja.com.mx\/?p=33819"},"modified":"2021-11-02T07:26:56","modified_gmt":"2021-11-02T13:26:56","slug":"manana-entra-en-vigor-en-oaxaca-el-nuevo-sistema-de-justicia-laboral","status":"publish","type":"post","link":"https:\/\/zonaroja.com.mx\/?p=33819","title":{"rendered":"Ma\u00f1ana entra en vigor en Oaxaca el nuevo Sistema de Justicia Laboral"},"content":{"rendered":"\n<p>Redacci\u00f3n\/Zona Roja.<\/p>\n\n\n\n<p>Oaxaca de Ju\u00e1rez, Oax., 2 de noviembre de 2021.- El pr\u00f3ximo 3 de noviembre, en 13 estados del pa\u00eds, entre ellos Oaxaca, entra en vigor el Sistema de Justicia Laboral, una nueva forma de impartici\u00f3n de justicia donde se privilegiar\u00e1 la oralidad en los procedimientos, por lo que habr\u00e1n de iniciar funciones dos juzgados especializados en la materia, con competencia para todo el Estado y con sede en la agencia de Santa Mar\u00eda Ixcotel, del municipio de Santa Luc\u00eda del Camino.<\/p>\n\n\n\n<p>Con la finalidad de constatar las adecuaciones realizadas a los inmuebles en donde funcionar\u00e1n los Tribunales Locales Laborales y el Centro de Conciliaci\u00f3n Laboral del Estado (Cecol), el titular del Poder Judicial del Estado, magistrado Eduardo Pinacho S\u00e1nchez junto con el gobernador Alejandro Murat Hinojosa y la secretaria del Trabajo y Previsi\u00f3n Social, Luisa Mar\u00eda Alcalde Luj\u00e1n, efectu\u00f3 un recorrido por los edificios.<\/p>\n\n\n\n<p>El presidente del Tribunal Superior de Justicia extern\u00f3 que la ejecuci\u00f3n de los recursos destinados para esta obras, que en parte provienen de la Federaci\u00f3n, se ejercieron con total transparencia y apego a la normatividad. Asimismo, destac\u00f3 que este nuevo esquema ofrecer\u00e1 a la sociedad una impartici\u00f3n de justicia r\u00e1pida, breve, eficiente y responsable.<\/p>\n\n\n\n<p>Durante la visita, en la que tambi\u00e9n estuvieron presentes el director del Cecol, V\u00edctor Quiroz Arellanes, y el secretario General de Gobierno, Francisco Garc\u00eda L\u00f3pez, el magistrado Pinacho S\u00e1nchez manifest\u00f3 que la Reforma Laboral tiene varias implicaciones; sin embargo, en el tema de justicia se trata de un modelo nuevo que requiere de la infraestructura adecuada y moderna.<\/p>\n\n\n\n<p>Explic\u00f3 que los juzgados fueron equipados con tecnolog\u00eda de punta de primer nivel en la red de video, audio y datos, lo que permitir\u00e1 que las grabaciones en las salas de audiencias orales se obtengan en calidad de alto rendimiento.<\/p>\n\n\n\n<p>A su vez, la secretaria del Trabajo y Previsi\u00f3n Social, reconoci\u00f3 los resultados de la coordinaci\u00f3n entre los tres Poderes del Estado y la federaci\u00f3n en aras de dignificar el acceso a la justicia para trabajadores y empleadores. Destac\u00f3 la relaci\u00f3n cercana y comunicaci\u00f3n que ha mantenido con el Poder Judicial de Oaxaca para avanzar en la implementaci\u00f3n de la Reforma Laboral en tiempo y forma.<\/p>\n\n\n\n<p>Por otra parte, el fin de semana, el titular del Poder Judicial del Estado, en compa\u00f1\u00eda de directores de diferentes \u00e1reas, recorri\u00f3 las instalaciones del Centro de Justicia de Tanivet, el cual ser\u00e1 puesto en marcha el 3 de noviembre, misma fecha en que entrar\u00e1 en vigor el nuevo sistema de justicia laboral en la entidad.<\/p>\n\n\n\n<p>El 3 de noviembre el nuevo Sistema de Justicia Laboral entra en vigor en: Aguascalientes, Baja California, Colima, Guanajuato, Morelos, Oaxaca, Puebla, Quer\u00e9taro, Quintana Roo, Tlaxcala y Veracruz, as\u00ed como en Hidalgo a nivel local, y en los estados de Baja California Sur y Guerrero, a nivel federal.<\/p>\n","protected":false},"excerpt":{"rendered":"<p>Redacci\u00f3n\/Zona Roja. Oaxaca de Ju\u00e1rez, Oax., 2 de noviembre de 2021.- El pr\u00f3ximo 3 de&hellip;<\/p>\n","protected":false},"author":2,"featured_media":33820,"comment_status":"closed","ping_status":"open","sticky":false,"template":"","format":"standard","meta":{"_lmt_disableupdate":"","_lmt_disable":"","_jetpack_memberships_contains_paid_content":false,"footnotes":""},"categories":[109,46],"tags":[223],"class_list":["post-33819","post","type-post","status-publish","format-standard","has-post-thumbnail","hentry","category-minuto-a-minuto","category-zona-blanca","tag-poder-judicial-de-oaxaca"],"jetpack_featured_media_url":"https:\/\/zonaroja.com.mx\/wp-content\/uploads\/2021\/11\/Reunion-de-trabajo-para-la-entrada-en-vigor-del-Sistema-de-Justicia-laboral.jpg","jetpack_sharing_enabled":true,"_links":{"self":[{"href":"https:\/\/zonaroja.com.mx\/index.php?rest_route=\/wp\/v2\/posts\/33819","targetHints":{"allow":["GET"]}}],"collection":[{"href":"https:\/\/zonaroja.com.mx\/index.php?rest_route=\/wp\/v2\/posts"}],"about":[{"href":"https:\/\/zonaroja.com.mx\/index.php?rest_route=\/wp\/v2\/types\/post"}],"author":[{"embeddable":true,"href":"https:\/\/zonaroja.com.mx\/index.php?rest_route=\/wp\/v2\/users\/2"}],"replies":[{"embeddable":true,"href":"https:\/\/zonaroja.com.mx\/index.php?rest_route=%2Fwp%2Fv2%2Fcomments&post=33819"}],"version-history":[{"count":1,"href":"https:\/\/zonaroja.com.mx\/index.php?rest_route=\/wp\/v2\/posts\/33819\/revisions"}],"predecessor-version":[{"id":33821,"href":"https:\/\/zonaroja.com.mx\/index.php?rest_route=\/wp\/v2\/posts\/33819\/revisions\/33821"}],"wp:featuredmedia":[{"embeddable":true,"href":"https:\/\/zonaroja.com.mx\/index.php?rest_route=\/wp\/v2\/media\/33820"}],"wp:attachment":[{"href":"https:\/\/zonaroja.com.mx\/index.php?rest_route=%2Fwp%2Fv2%2Fmedia&parent=33819"}],"wp:term":[{"taxonomy":"category","embeddable":true,"href":"https:\/\/zonaroja.com.mx\/index.php?rest_route=%2Fwp%2Fv2%2Fcategories&post=33819"},{"taxonomy":"post_tag","embeddable":true,"href":"https:\/\/zonaroja.com.mx\/index.php?rest_route=%2Fwp%2Fv2%2Ftags&post=33819"}],"curies":[{"name":"wp","href":"https:\/\/api.w.org\/{rel}","templated":true}]}}