{"id":33823,"date":"2021-11-02T07:55:01","date_gmt":"2021-11-02T13:55:01","guid":{"rendered":"http:\/\/www.zonaroja.com.mx\/?p=33823"},"modified":"2021-11-02T07:55:03","modified_gmt":"2021-11-02T13:55:03","slug":"edil-de-municipio-marginado-presume-regalar-iphon-13-a-sus-ahijados","status":"publish","type":"post","link":"https:\/\/zonaroja.com.mx\/?p=33823","title":{"rendered":"Edil de municipio marginado presume regalar Iphon 13 a sus ahijados"},"content":{"rendered":"\n<p>Giselle Melchor\/El Fort\u00edn Diario<\/p>\n\n\n\n<p>Oaxaca de Ju\u00e1rez, Oax., 2 de noviembre de 2021.- El presidente municipal de Santos Reyes Nopala, Oaxaca, Bulmaro S\u00e1nchez V\u00e1squez, es criticado en redes sociales, luego de presumir en su cuenta de Facebook que regal\u00f3 Iphones 13 a sus ahijados por D\u00eda de Muertos.<\/p>\n\n\n\n<p>S\u00e1nchez V\u00e1squez, comparti\u00f3 fotograf\u00edas de j\u00f3venes que habr\u00edan recibido del edil, un IPhone de reciente lanzamiento cuyo costo oscila entre los 42 mil pesos, \u00abYa cayeron los primeros a visitarnos, puros IPhone 13 Pro Max de 1 TB se llevan\u00bb.<\/p>\n\n\n\n<p>Posteriormente, comparti\u00f3 m\u00e1s fotograf\u00edas de sus ahijados, cinco en total, quienes mostraban las cajas de los celulares de la compa\u00f1\u00eda Apple, con el mensaje \u00abMuy contentos se est\u00e1n yendo mis ahijados\u00bb.<\/p>\n\n\n\n<p>Tras difundirse las im\u00e1genes, le llovieron las cr\u00edticas al edil, luego de que la ciudadan\u00eda le reproch\u00f3 la falta de obras y apoyos a la ciudadan\u00eda de este municipio de la Costa que se encuentra en arraigo y pobreza.<\/p>\n\n\n\n<p>El edil, mismo que ha ocupado el cargo dos veces, por Sistemas Normativos Internos, ha sido se\u00f1alado en diversas ocasiones de entregar d\u00e1divas a la poblaci\u00f3n como despensas, en lugar de obras de impacto social a la comunidad.<\/p>\n\n\n\n<p>Ante el se\u00f1alamiento, S\u00e1nchez V\u00e1squez, se mostr\u00f3 sarc\u00e1stico por los comentarios emitidos en redes sociales, recalcando el costo de los equipos celulares; pese a haber difundido fotograf\u00edas, agreg\u00f3 que se habr\u00eda tratado de una broma.<\/p>\n","protected":false},"excerpt":{"rendered":"<p>Giselle Melchor\/El Fort\u00edn Diario Oaxaca de Ju\u00e1rez, Oax., 2 de noviembre de 2021.- El presidente&hellip;<\/p>\n","protected":false},"author":2,"featured_media":33824,"comment_status":"closed","ping_status":"open","sticky":false,"template":"","format":"standard","meta":{"_lmt_disableupdate":"","_lmt_disable":"","_jetpack_memberships_contains_paid_content":false,"footnotes":""},"categories":[109,47],"tags":[2936,1085],"class_list":["post-33823","post","type-post","status-publish","format-standard","has-post-thumbnail","hentry","category-minuto-a-minuto","category-zona-gris","tag-bulmaro-sanchez-vasque","tag-santos-reyes-nopala"],"jetpack_featured_media_url":"https:\/\/zonaroja.com.mx\/wp-content\/uploads\/2021\/11\/Edil-Nopala-Iphone.jpg","jetpack_sharing_enabled":true,"_links":{"self":[{"href":"https:\/\/zonaroja.com.mx\/index.php?rest_route=\/wp\/v2\/posts\/33823","targetHints":{"allow":["GET"]}}],"collection":[{"href":"https:\/\/zonaroja.com.mx\/index.php?rest_route=\/wp\/v2\/posts"}],"about":[{"href":"https:\/\/zonaroja.com.mx\/index.php?rest_route=\/wp\/v2\/types\/post"}],"author":[{"embeddable":true,"href":"https:\/\/zonaroja.com.mx\/index.php?rest_route=\/wp\/v2\/users\/2"}],"replies":[{"embeddable":true,"href":"https:\/\/zonaroja.com.mx\/index.php?rest_route=%2Fwp%2Fv2%2Fcomments&post=33823"}],"version-history":[{"count":1,"href":"https:\/\/zonaroja.com.mx\/index.php?rest_route=\/wp\/v2\/posts\/33823\/revisions"}],"predecessor-version":[{"id":33825,"href":"https:\/\/zonaroja.com.mx\/index.php?rest_route=\/wp\/v2\/posts\/33823\/revisions\/33825"}],"wp:featuredmedia":[{"embeddable":true,"href":"https:\/\/zonaroja.com.mx\/index.php?rest_route=\/wp\/v2\/media\/33824"}],"wp:attachment":[{"href":"https:\/\/zonaroja.com.mx\/index.php?rest_route=%2Fwp%2Fv2%2Fmedia&parent=33823"}],"wp:term":[{"taxonomy":"category","embeddable":true,"href":"https:\/\/zonaroja.com.mx\/index.php?rest_route=%2Fwp%2Fv2%2Fcategories&post=33823"},{"taxonomy":"post_tag","embeddable":true,"href":"https:\/\/zonaroja.com.mx\/index.php?rest_route=%2Fwp%2Fv2%2Ftags&post=33823"}],"curies":[{"name":"wp","href":"https:\/\/api.w.org\/{rel}","templated":true}]}}