{"id":33826,"date":"2021-11-02T08:15:15","date_gmt":"2021-11-02T14:15:15","guid":{"rendered":"http:\/\/www.zonaroja.com.mx\/?p=33826"},"modified":"2021-11-02T08:15:22","modified_gmt":"2021-11-02T14:15:22","slug":"pasa-comunidad-costena-dia-de-muertos-aislada-por-bloqueo","status":"publish","type":"post","link":"https:\/\/zonaroja.com.mx\/?p=33826","title":{"rendered":"Pasa comunidad coste\u00f1a D\u00eda de Muertos aislada, por bloqueo"},"content":{"rendered":"\n<p>Redacci\u00f3n\/Zona Roja.<\/p>\n\n\n\n<p>Oaxaca de Ju\u00e1rez, Oax., 2 de noviembre de 2021.- Los habitantes de la comunidad coste\u00f1a de San Pedro Tulixtlahuaca pasaron aislados las festividades de D\u00eda de Muertos, por un bloqueo carretero de su cabecera municipal, San Antonio Tepetlapa.<\/p>\n\n\n\n<p>Desesperados, a fin de conseguir v\u00edveres y mercanc\u00edas para elaborar su altar, hace dos d\u00edas las autoridades auxiliares tuvieron que abrir una brecha para llegar a Santa Mar\u00eda Ipalapa y de ah\u00ed a Pinotepa Nacional, trayecto que les lleva unas tres horas.<\/p>\n\n\n\n<p>Desde hace m\u00e1s de dos semanas, Tulixtlahuaca permanece aislada debido que sus vecinos de Tepetlapa cavaron una zanja para impedirles el paso, v\u00eda por la cual llegan m\u00e1s r\u00e1pido a la ciudad de Pinotepa.<\/p>\n\n\n\n<p>Sin embargo, el conflicto postelectoral tiene m\u00e1s de cinco a\u00f1os, pues la cabecera municipal ha negado reiteradamente que su agencia Tulixtlahuaca participe en la elecci\u00f3n de sus autoridades.<\/p>\n\n\n\n<p>En febrero del a\u00f1o 2017, la Defensor\u00eda de los Derechos Humanos del Pueblo de Oaxaca emiti\u00f3 una Alerta Temprana para que se atendiera dicha problem\u00e1tica, que data de 2015.<\/p>\n\n\n\n<p>\u201cEl 12 de diciembre de 2015, habitantes de San Pedro Tulixtlahuaca, San<\/p>\n\n\n\n<p>Antonio Tepetlapa, Jamiltepec, Oaxaca, presentaron un escrito en el Instituto<\/p>\n\n\n\n<p>Estatal Electoral y de Participaci\u00f3n Ciudadana de Oaxaca (IEEPCO),<\/p>\n\n\n\n<p>argumentando que a esa Agencia Municipal no se le permit\u00eda participar en<\/p>\n\n\n\n<p>las asambleas comunitarias para la elecci\u00f3n de autoridades municipales en<\/p>\n\n\n\n<p>San Antonio Tepetlapa, Jamiltepec, Oaxaca; en su oportunidad, el referido<\/p>\n\n\n\n<p>Instituto canaliz\u00f3 tal documento al entonces Presidente Municipal del<\/p>\n\n\n\n<p>Ayuntamiento en menci\u00f3n para que diera la respuesta correspondiente; al no<\/p>\n\n\n\n<p>recibir contestaci\u00f3n, con fechas 8 de marzo y 24 de abril de 2016,<\/p>\n\n\n\n<p>nuevamente realizaron la misma petici\u00f3n, la cual fue remitida a la autoridad<\/p>\n\n\n\n<p>municipal de San Antonio Tepetlapa, Jamiltepec, Oaxaca\u201d, refiere el documento.<\/p>\n\n\n\n<p>Seg\u00fan la Secretar\u00eda General de Gobierno, el 17 de agosto de este a\u00f1o logr\u00f3 un acuerdo con ambas partes, para lo cual Tepetlapa retir\u00f3 el bloqueo a la carretera a Pinotepa Nacional, en protesta por el bloqueo de Tulixtlahuaca.<\/p>\n\n\n\n<p>\u201cDe esta manera, luego de instalar una mesa de di\u00e1logo con Andr\u00e9s Quintas Sosa, comisionado municipal de San Antonio Tepetlapa; Alfonso Dami\u00e1n L\u00f3pez, alcalde constitucional y las y los ciudadanos inconformes de la cabecera municipal, se alcanzaron los siguientes acuerdos:<\/p>\n\n\n\n<p>\u201cSe realizar\u00e1 una reuni\u00f3n el pr\u00f3ximo 19 de agosto en las oficinas de la Segego, en donde estar\u00e1n presentes las dependencias Coplade, Secretar\u00eda de Finanzas, Sinfra, as\u00ed como el IEEPCO, acompa\u00f1ados de la agencia San Pedro Tulixtlahuaca perteneciente al municipio de San Antonio Tepetlapa\u201d, refiere el comunicado de esa fecha.<\/p>\n\n\n\n<p>Pero en lugar de solucionarse, el conflicto se recrudeci\u00f3 con el aislamiento de Tulixtlahuaca y la Segego contin\u00f9a sin capacidad para conciliar a las partes a fin de evitar m\u00e1s confrontaciones y da\u00f1os.<\/p>\n\n\n\n<p>El domingo pasado, Tepetlapa prolong\u00f3 la zanja para incomunicar totalmente a Tulixtlahuaca, pese a lo cual no ha habido intervenci\u00f3n de las autoridades estatales.<\/p>\n","protected":false},"excerpt":{"rendered":"<p>Redacci\u00f3n\/Zona Roja. Oaxaca de Ju\u00e1rez, Oax., 2 de noviembre de 2021.- Los habitantes de la&hellip;<\/p>\n","protected":false},"author":2,"featured_media":33827,"comment_status":"closed","ping_status":"open","sticky":false,"template":"","format":"standard","meta":{"_lmt_disableupdate":"","_lmt_disable":"","_jetpack_memberships_contains_paid_content":false,"footnotes":""},"categories":[109,47],"tags":[1902,2937],"class_list":["post-33826","post","type-post","status-publish","format-standard","has-post-thumbnail","hentry","category-minuto-a-minuto","category-zona-gris","tag-san-antonio-tepetlapa","tag-san-pedro-tulixtlahuaca"],"jetpack_featured_media_url":"https:\/\/zonaroja.com.mx\/wp-content\/uploads\/2021\/11\/San-Antonio-Tepetlapa.jpg","jetpack_sharing_enabled":true,"_links":{"self":[{"href":"https:\/\/zonaroja.com.mx\/index.php?rest_route=\/wp\/v2\/posts\/33826","targetHints":{"allow":["GET"]}}],"collection":[{"href":"https:\/\/zonaroja.com.mx\/index.php?rest_route=\/wp\/v2\/posts"}],"about":[{"href":"https:\/\/zonaroja.com.mx\/index.php?rest_route=\/wp\/v2\/types\/post"}],"author":[{"embeddable":true,"href":"https:\/\/zonaroja.com.mx\/index.php?rest_route=\/wp\/v2\/users\/2"}],"replies":[{"embeddable":true,"href":"https:\/\/zonaroja.com.mx\/index.php?rest_route=%2Fwp%2Fv2%2Fcomments&post=33826"}],"version-history":[{"count":1,"href":"https:\/\/zonaroja.com.mx\/index.php?rest_route=\/wp\/v2\/posts\/33826\/revisions"}],"predecessor-version":[{"id":33828,"href":"https:\/\/zonaroja.com.mx\/index.php?rest_route=\/wp\/v2\/posts\/33826\/revisions\/33828"}],"wp:featuredmedia":[{"embeddable":true,"href":"https:\/\/zonaroja.com.mx\/index.php?rest_route=\/wp\/v2\/media\/33827"}],"wp:attachment":[{"href":"https:\/\/zonaroja.com.mx\/index.php?rest_route=%2Fwp%2Fv2%2Fmedia&parent=33826"}],"wp:term":[{"taxonomy":"category","embeddable":true,"href":"https:\/\/zonaroja.com.mx\/index.php?rest_route=%2Fwp%2Fv2%2Fcategories&post=33826"},{"taxonomy":"post_tag","embeddable":true,"href":"https:\/\/zonaroja.com.mx\/index.php?rest_route=%2Fwp%2Fv2%2Ftags&post=33826"}],"curies":[{"name":"wp","href":"https:\/\/api.w.org\/{rel}","templated":true}]}}