{"id":3383,"date":"2019-08-25T16:22:32","date_gmt":"2019-08-25T21:22:32","guid":{"rendered":"http:\/\/www.zonaroja.com.mx\/?p=3383"},"modified":"2019-08-25T16:22:35","modified_gmt":"2019-08-25T21:22:35","slug":"choque-entre-avioneta-y-helicoptero-deja-siete-muertos-dos-son-menores","status":"publish","type":"post","link":"https:\/\/zonaroja.com.mx\/?p=3383","title":{"rendered":"Choque entre avioneta y helic\u00f3ptero deja siete muertos; dos son menores"},"content":{"rendered":"\n<p>Redacci\u00f3n\/Zona\nRoja Cdmx.<\/p>\n\n\n\n<p>Ciudad de\nM\u00e9xico, 25 de agosto de 2019.- El choque en el aire entre un helic\u00f3ptero y una\navioneta ocurrido la ma\u00f1ana de hoy en Mallorca, Espa\u00f1a, dej\u00f3 como saldo siete\npersonas fallecidas, entre ellas al menos dos menores de edad.<\/p>\n\n\n\n<p>De acuerdo\ncon reportes internacionales, el percance ocurri\u00f3 las 13:35 horas locales de este\ndomingo en el centro de la isla.<\/p>\n\n\n\n<p>El gobierno\nde la isla indic\u00f3 que el primer balance fue de cinco personas muertas, una de <\/p>\n\n\n\n<p>ellas menor\nde edad, para luego actualizar la cifra a siete v\u00edctimas, dos menores de edad. <\/p>\n\n\n\n<p>La Guardia\nCivil est\u00e1n investigando las causas y que de momento se desconocen las\nnacionalidades de las v\u00edctimas, as\u00ec como su identidad. <\/p>\n\n\n\n<p>Todos los\nocupantes de ambas aeronaves que colisionaron perdieron la vida y se espera que\nm\u00e1s tarde se revele la identidad de las personas fallecidas.<\/p>\n","protected":false},"excerpt":{"rendered":"<p>Redacci\u00f3n\/Zona Roja Cdmx. Ciudad de M\u00e9xico, 25 de agosto de 2019.- El choque en el&hellip;<\/p>\n","protected":false},"author":2,"featured_media":3384,"comment_status":"closed","ping_status":"open","sticky":false,"template":"","format":"standard","meta":{"_lmt_disableupdate":"","_lmt_disable":"","_jetpack_memberships_contains_paid_content":false,"footnotes":""},"categories":[109,51],"tags":[617,616],"class_list":["post-3383","post","type-post","status-publish","format-standard","has-post-thumbnail","hentry","category-minuto-a-minuto","category-zona-roja","tag-espana","tag-mallorca"],"jetpack_featured_media_url":"https:\/\/zonaroja.com.mx\/wp-content\/uploads\/2019\/08\/avioneta-helic\u00f3ptero.jpg","jetpack_sharing_enabled":true,"_links":{"self":[{"href":"https:\/\/zonaroja.com.mx\/index.php?rest_route=\/wp\/v2\/posts\/3383","targetHints":{"allow":["GET"]}}],"collection":[{"href":"https:\/\/zonaroja.com.mx\/index.php?rest_route=\/wp\/v2\/posts"}],"about":[{"href":"https:\/\/zonaroja.com.mx\/index.php?rest_route=\/wp\/v2\/types\/post"}],"author":[{"embeddable":true,"href":"https:\/\/zonaroja.com.mx\/index.php?rest_route=\/wp\/v2\/users\/2"}],"replies":[{"embeddable":true,"href":"https:\/\/zonaroja.com.mx\/index.php?rest_route=%2Fwp%2Fv2%2Fcomments&post=3383"}],"version-history":[{"count":1,"href":"https:\/\/zonaroja.com.mx\/index.php?rest_route=\/wp\/v2\/posts\/3383\/revisions"}],"predecessor-version":[{"id":3385,"href":"https:\/\/zonaroja.com.mx\/index.php?rest_route=\/wp\/v2\/posts\/3383\/revisions\/3385"}],"wp:featuredmedia":[{"embeddable":true,"href":"https:\/\/zonaroja.com.mx\/index.php?rest_route=\/wp\/v2\/media\/3384"}],"wp:attachment":[{"href":"https:\/\/zonaroja.com.mx\/index.php?rest_route=%2Fwp%2Fv2%2Fmedia&parent=3383"}],"wp:term":[{"taxonomy":"category","embeddable":true,"href":"https:\/\/zonaroja.com.mx\/index.php?rest_route=%2Fwp%2Fv2%2Fcategories&post=3383"},{"taxonomy":"post_tag","embeddable":true,"href":"https:\/\/zonaroja.com.mx\/index.php?rest_route=%2Fwp%2Fv2%2Ftags&post=3383"}],"curies":[{"name":"wp","href":"https:\/\/api.w.org\/{rel}","templated":true}]}}