{"id":33830,"date":"2021-11-02T14:22:47","date_gmt":"2021-11-02T20:22:47","guid":{"rendered":"https:\/\/www.zonaroja.com.mx\/?p=33830"},"modified":"2021-11-02T14:24:17","modified_gmt":"2021-11-02T20:24:17","slug":"pese-a-pandemia-reviven-tradicionales-muerteadas-en-oaxaca","status":"publish","type":"post","link":"https:\/\/zonaroja.com.mx\/?p=33830","title":{"rendered":"Pese a pandemia, reviven tradicionales \u00abmuerteadas\u00bb en Oaxaca"},"content":{"rendered":"\n<p>Evlin Arag\u00f3n\/Zona Roja.&nbsp;<\/p>\n\n\n\n<p>Oaxaca de Ju\u00e1rez, Oax., 2 de noviembre de 2021.- La banda son\u00f3 con fuerza durante toda la tarde y noche de&nbsp;este lunes&nbsp;en el municipio de Soledad, Etla, donde \u201crevivi\u00f3\u201d la tradicional muerteada, misma que reuni\u00f3 a cientos de personas que se dieron cita para disfrutar de la festividad que un a\u00f1o atr\u00e1s fue suspendida.&nbsp;&nbsp;&nbsp;&nbsp;<\/p>\n\n\n\n<p>Sin importar las recomendaciones de evitar aglomeraciones y con la justificaci\u00f3n del color verde en el sem\u00e1foro epidemiol\u00f3gico, la poblaci\u00f3n de Valle Eteco luci\u00f3 sus mejores disfraces, bebi\u00f3 y bail\u00f3 durante toda la noche y parte&nbsp;de la madrugada&nbsp;al ritmo de la m\u00fasica.&nbsp;&nbsp;<\/p>\n\n\n\n<p>Diablos, payasos malditos, brujas, catrinas e incluso personas disfrazadas de luchadores mexicanos&nbsp;y de personal m\u00e9dico al frente de la pandemia, se dejaron ver en medio de la multitud&nbsp;reunida en \u00abEl Mogote\u00bb y \u00abBarrio de Arriba\u00bb, de dicho municipio.&nbsp;&nbsp;<\/p>\n\n\n\n<p>La mayor\u00eda, aunque portaba cubrebocas, hizo poco caso de la sana distancia al momento de convivir con sus vecinos que el a\u00f1o pasado se mantuvieron en resguardo debido a que la pandemia se encontraba en uno de sus puntos m\u00e1s \u00e1lgidos.   <\/p>\n\n\n\n<p><div class=\"twitter-tweet\"><blockquote class=\"twitter-tweet\" data-lang=\"es\"><p lang=\"es\" dir=\"ltr\">\u00a1Amanecieron las comparsas!<br>Tanto en <a href=\"https:\/\/twitter.com\/hashtag\/Soledad?src=hash&amp;ref_src=twsrc%5Etfw\">#Soledad<\/a>, Etla, como en Jalatlaco, ciudad de <a href=\"https:\/\/twitter.com\/hashtag\/Oaxaca?src=hash&amp;ref_src=twsrc%5Etfw\">#Oaxaca<\/a>, las fiestas de muertos iniciaron desde anoche y culminaron en las primeras horas de este d\u00eda, sin ninguna medida sanitaria para evitar el Covid.<br>Video: Cortes\u00eda <a href=\"https:\/\/t.co\/6tK4OrhqXv\">pic.twitter.com\/6tK4OrhqXv<\/a><\/p>&mdash; Zona Roja Oaxaca (@Zona_Roja_Oax) <a href=\"https:\/\/twitter.com\/Zona_Roja_Oax\/status\/1455522754560724992?ref_src=twsrc%5Etfw\">2 de noviembre de 2021<\/a><\/blockquote><\/div><\/p>\n\n\n\n<p>Y es que todas las recomendaciones sanitarias derivadas de la pandemia, la sana distancia ha sido la m\u00e1s dif\u00edcil de cumplir con el arribo de un importante n\u00famero de turista a la entidad, de manera particular a la capital y zona conurbada que ha sido abarrotada en los \u00faltimos d\u00edas.&nbsp;&nbsp;<\/p>\n\n\n\n<p>La banda, los bailes y los disfraces tambi\u00e9n se hicieron presentes en el Barrio de Jalatlaco, ubicado a unas cuadras del Centro Hist\u00f3rico, que a toda hora se ha mantenido abarrotado de visitantes durante esta temporada.&nbsp;&nbsp;<\/p>\n\n\n\n<p>Durante toda la noche de&nbsp;este lunes&nbsp;y parte&nbsp;de la madrugada&nbsp;de martes, cientos de personas se mantuvieron activas y disfrutando de los sones tradicionales.&nbsp;&nbsp;&nbsp;<\/p>\n\n\n\n<p>En las im\u00e1genes recuperadas de videos que se difundieron a trav\u00e9s de las redes sociales, se pudo ver un uso menor del cubrebocas en la capital oaxaque\u00f1a que en el municipio eteco, particularmente el turismo nacional y extranjero es el que m\u00e1s se re\u00fasa al cumplimiento de la medida sanitaria.  <\/p>\n\n\n\n<p>Por otra parte, la agencia de Candiani, en la ciudad de Oaxaca, convoc\u00f3 hoy a partir del mediod\u00eda, a conmemorar tambi\u00e9n el d\u00eda de los fieles difuntos, con actividades diversas. <\/p>\n\n\n\n<p>De acuerdo con el reporte de los Servicios de Salud el n\u00famero de casos nuevos de Covid-19 se ha reducido en la entidad en un 85 por ciento, al pasar de 347 en octubre a s\u00f3lo 52 contabilizados el primer d\u00eda de noviembre, situaci\u00f3n que mantiene confiada a la autoridad local que ya se congratula por la llegada masiva de turistas.  <\/p>\n","protected":false},"excerpt":{"rendered":"<p>Evlin Arag\u00f3n\/Zona Roja.&nbsp; Oaxaca de Ju\u00e1rez, Oax., 2 de noviembre de 2021.- La banda son\u00f3&hellip;<\/p>\n","protected":false},"author":2,"featured_media":33829,"comment_status":"closed","ping_status":"open","sticky":false,"template":"","format":"standard","meta":{"_lmt_disableupdate":"","_lmt_disable":"","_jetpack_memberships_contains_paid_content":false,"footnotes":""},"categories":[109,47],"tags":[],"class_list":["post-33830","post","type-post","status-publish","format-standard","has-post-thumbnail","hentry","category-minuto-a-minuto","category-zona-gris"],"jetpack_featured_media_url":"https:\/\/zonaroja.com.mx\/wp-content\/uploads\/2021\/11\/c78b9ec9-3bb7-4b67-bf44-e39752315920.jpg","jetpack_sharing_enabled":true,"_links":{"self":[{"href":"https:\/\/zonaroja.com.mx\/index.php?rest_route=\/wp\/v2\/posts\/33830","targetHints":{"allow":["GET"]}}],"collection":[{"href":"https:\/\/zonaroja.com.mx\/index.php?rest_route=\/wp\/v2\/posts"}],"about":[{"href":"https:\/\/zonaroja.com.mx\/index.php?rest_route=\/wp\/v2\/types\/post"}],"author":[{"embeddable":true,"href":"https:\/\/zonaroja.com.mx\/index.php?rest_route=\/wp\/v2\/users\/2"}],"replies":[{"embeddable":true,"href":"https:\/\/zonaroja.com.mx\/index.php?rest_route=%2Fwp%2Fv2%2Fcomments&post=33830"}],"version-history":[{"count":2,"href":"https:\/\/zonaroja.com.mx\/index.php?rest_route=\/wp\/v2\/posts\/33830\/revisions"}],"predecessor-version":[{"id":33832,"href":"https:\/\/zonaroja.com.mx\/index.php?rest_route=\/wp\/v2\/posts\/33830\/revisions\/33832"}],"wp:featuredmedia":[{"embeddable":true,"href":"https:\/\/zonaroja.com.mx\/index.php?rest_route=\/wp\/v2\/media\/33829"}],"wp:attachment":[{"href":"https:\/\/zonaroja.com.mx\/index.php?rest_route=%2Fwp%2Fv2%2Fmedia&parent=33830"}],"wp:term":[{"taxonomy":"category","embeddable":true,"href":"https:\/\/zonaroja.com.mx\/index.php?rest_route=%2Fwp%2Fv2%2Fcategories&post=33830"},{"taxonomy":"post_tag","embeddable":true,"href":"https:\/\/zonaroja.com.mx\/index.php?rest_route=%2Fwp%2Fv2%2Ftags&post=33830"}],"curies":[{"name":"wp","href":"https:\/\/api.w.org\/{rel}","templated":true}]}}