{"id":33837,"date":"2021-11-02T21:22:06","date_gmt":"2021-11-03T03:22:06","guid":{"rendered":"https:\/\/www.zonaroja.com.mx\/?p=33837"},"modified":"2021-11-02T21:22:31","modified_gmt":"2021-11-03T03:22:31","slug":"ejecutan-a-otro-individuo-en-juchitan-en-mismo-sitio-que-ayer","status":"publish","type":"post","link":"https:\/\/zonaroja.com.mx\/?p=33837","title":{"rendered":"Ejecutan a otro individuo en Juchit\u00e1n, en mismo sitio que ayer"},"content":{"rendered":"\n<p><\/p>\n\n\n\n<p>Redacci\u00f3n\/Zona Roja.<\/p>\n\n\n\n<p>Oaxaca de Ju\u00e1rez, Oax., 2 de noviembre de 2021.- En el mismo sitio de ayer, una persona del sexo masculino fue ejecutada a balazoseste martes, en Juchit\u00e1n de Zaragoza.<\/p>\n\n\n\n<p>En la colonia M\u00e1rtires&nbsp;31 de Julio, a unos 250 metros del cad\u00e1ver de ayer lunes, en el interior de un costal fue localizado el cuerpo sin vida de una persona del sexo masculino, tambi\u00e9n con huellas de tortura y maniatado.<\/p>\n\n\n\n<p>La v\u00edctima fue hallada en un camino de terracer\u00eda que conduce del Perif\u00e9rico a la colonia Alcatraz y fue identificada de manera preliminar como Aurelio Paz L., de 42 a\u00f1os de edad, de oficio taxista, que conduc\u00eda una unidad del sitio \u201cH\u00e9roes Juchitecos\u201d.<\/p>\n\n\n\n<p>Como se inform\u00f3, ayer tambi\u00e9n por la ma\u00f1ana y en inmediaciones de la colonia M\u00e1rtires&nbsp;31 de Julio, fue localizado un cad\u00e1ver en similares condiciones:&nbsp;<\/p>\n\n\n\n<p>En interior de un saco, con disparos de arma de fuego en diversas partes del cuerpo y con huellas de tortura.<\/p>\n\n\n\n<p>El hoy occiso fue identificado como el ex polic\u00eda municipal Rusbel C. S., de 30 a\u00f1os de edad, y tuvo su domicilio en la S\u00e9ptima Secci\u00f3n de Juchit\u00e1n.<\/p>\n\n\n\n<p>Hasta el momento no hay indicios del o los probables autores del doble crimen, con similares caracter\u00edsticas.<\/p>\n","protected":false},"excerpt":{"rendered":"<p>Redacci\u00f3n\/Zona Roja. Oaxaca de Ju\u00e1rez, Oax., 2 de noviembre de 2021.- En el mismo sitio&hellip;<\/p>\n","protected":false},"author":2,"featured_media":33836,"comment_status":"closed","ping_status":"open","sticky":false,"template":"","format":"standard","meta":{"_lmt_disableupdate":"","_lmt_disable":"","_jetpack_memberships_contains_paid_content":false,"footnotes":""},"categories":[109,51],"tags":[123],"class_list":["post-33837","post","type-post","status-publish","format-standard","has-post-thumbnail","hentry","category-minuto-a-minuto","category-zona-roja","tag-juchitan-de-zaragoza"],"jetpack_featured_media_url":"https:\/\/zonaroja.com.mx\/wp-content\/uploads\/2021\/11\/ejecutado-juchita\u0301n.jpg","jetpack_sharing_enabled":true,"_links":{"self":[{"href":"https:\/\/zonaroja.com.mx\/index.php?rest_route=\/wp\/v2\/posts\/33837","targetHints":{"allow":["GET"]}}],"collection":[{"href":"https:\/\/zonaroja.com.mx\/index.php?rest_route=\/wp\/v2\/posts"}],"about":[{"href":"https:\/\/zonaroja.com.mx\/index.php?rest_route=\/wp\/v2\/types\/post"}],"author":[{"embeddable":true,"href":"https:\/\/zonaroja.com.mx\/index.php?rest_route=\/wp\/v2\/users\/2"}],"replies":[{"embeddable":true,"href":"https:\/\/zonaroja.com.mx\/index.php?rest_route=%2Fwp%2Fv2%2Fcomments&post=33837"}],"version-history":[{"count":1,"href":"https:\/\/zonaroja.com.mx\/index.php?rest_route=\/wp\/v2\/posts\/33837\/revisions"}],"predecessor-version":[{"id":33838,"href":"https:\/\/zonaroja.com.mx\/index.php?rest_route=\/wp\/v2\/posts\/33837\/revisions\/33838"}],"wp:featuredmedia":[{"embeddable":true,"href":"https:\/\/zonaroja.com.mx\/index.php?rest_route=\/wp\/v2\/media\/33836"}],"wp:attachment":[{"href":"https:\/\/zonaroja.com.mx\/index.php?rest_route=%2Fwp%2Fv2%2Fmedia&parent=33837"}],"wp:term":[{"taxonomy":"category","embeddable":true,"href":"https:\/\/zonaroja.com.mx\/index.php?rest_route=%2Fwp%2Fv2%2Fcategories&post=33837"},{"taxonomy":"post_tag","embeddable":true,"href":"https:\/\/zonaroja.com.mx\/index.php?rest_route=%2Fwp%2Fv2%2Ftags&post=33837"}],"curies":[{"name":"wp","href":"https:\/\/api.w.org\/{rel}","templated":true}]}}