{"id":33851,"date":"2021-11-02T22:16:49","date_gmt":"2021-11-03T04:16:49","guid":{"rendered":"https:\/\/www.zonaroja.com.mx\/?p=33851"},"modified":"2021-11-03T11:13:44","modified_gmt":"2021-11-03T17:13:44","slug":"refuta-padre-de-octavio-ocana-version-oficial-a-mi-hijo-lo-mataron","status":"publish","type":"post","link":"https:\/\/zonaroja.com.mx\/?p=33851","title":{"rendered":"Refuta padre de Octavio Oca\u00f1a versi\u00f3n oficial: \u201ca mi hijo lo mataron\u201d"},"content":{"rendered":"\n<p><\/p>\n\n\n\n<p>Redacci\u00f3n\/Zona Roja Cdmx.<\/p>\n\n\n\n<p>Ciudad de M\u00e9xico, 2 de noviembre de 2021.- Octavio P\u00e9rez, padre del actor Octavio Oca\u00f1a, fallecido el viernes, asegur\u00f3&nbsp;este martes&nbsp;que las versiones de la polic\u00eda sobre la muerte de su hijo son falsas.<\/p>\n\n\n\n<p>En el programa de Youtube del periodista Gustavo Adolfo Infante, el padre del actor de 22 a\u00f1os asegur\u00f3 que las autoridades cambiaron la evidencia para que pareciera que la muerte de su hijo hab\u00eda sido un accidente.<\/p>\n\n\n\n<p>\u201cDon Octavio, \u00bfqui\u00e9n lo mat\u00f3?\u201d, pregunta Infante, a lo que el padre del actor responde: \u201cLa polic\u00eda, es claro, as\u00ed de f\u00e1cil\u201d.<\/p>\n\n\n\n<p>\u201cEllos lo mataron y la pusieron ah\u00ed (el arma). Se la pusieron como si fuera un asesinato, pero la bala entra de atr\u00e1s, \u00bfc\u00f3mo se va a disparar si lo ven\u00edan persiguiendo? A como ven\u00eda manejando, \u00bfc\u00f3mo va a traer un arma en la mano? Mi hijo no estaba loco, as\u00ed de f\u00e1cil, eso s\u00ed te lo puedo decir\u201d, dijo en la entrevista.<\/p>\n\n\n\n<p>Octavio P\u00e9rez explic\u00f3 que el arma s\u00ed era de su hijo y que la portaba por motivos de seguridad, sin embargo, aclar\u00f3 que contaba con todos los permisos.<\/p>\n\n\n\n<p>\u201cFue un disparo de 9mm que ven\u00eda de afuera y el tiro que le entr\u00f3 no era de su arma (&#8230;) el polic\u00eda acept\u00f3 que le dispar\u00f3, as\u00ed de claro\u201d, afirm\u00f3.<\/p>\n\n\n\n<p>Octavio P\u00e9rez aclar\u00f3 que su hijo, famoso por interpretar a \u201cBenito Rivers\u201d en la serie \u201cVecinos\u201d, no fumaba mariguana ni era alcoh\u00f3lico. \u201cMe pidi\u00f3 permiso de que se iba a ir, \u00e9l siempre tra\u00eda dos escoltas y en ese momento ten\u00eda una comida en Villa del Carb\u00f3n, pero me avis\u00f3: \u2018pap\u00e1, me voy a tomar una chela\u2019. Yo le dije: \u2018ll\u00e9vate las escoltas porque por all\u00e1 est\u00e1 cabr\u00f3n\u2019\u201d.<\/p>\n\n\n\n<p>\u201cDej\u00f3 a su novia y se adelant\u00f3 con dos amigos m\u00edos y entonces pas\u00f3 lo que pas\u00f3\u201d, agreg\u00f3.<\/p>\n\n\n\n<p>Agreg\u00f3 que no descansar\u00e1 hasta ver a los responsables de la muerte de su hijo en la c\u00e1rcel.<\/p>\n\n\n\n<p>El domingo, peritos de la Fiscal\u00eda del Estado de M\u00e9xico determinaron que el impacto de bala que le quit\u00f3 la vida a Octavio Oca\u00f1a provino del arma que portaba, y que presumiblemente accion\u00f3 cuando perdi\u00f3 el control del veh\u00edculo en el que viajaba.<\/p>\n","protected":false},"excerpt":{"rendered":"<p>Redacci\u00f3n\/Zona Roja Cdmx. Ciudad de M\u00e9xico, 2 de noviembre de 2021.- Octavio P\u00e9rez, padre del&hellip;<\/p>\n","protected":false},"author":2,"featured_media":33850,"comment_status":"closed","ping_status":"open","sticky":false,"template":"","format":"standard","meta":{"_lmt_disableupdate":"","_lmt_disable":"","_jetpack_memberships_contains_paid_content":false,"footnotes":""},"categories":[109,47],"tags":[],"class_list":["post-33851","post","type-post","status-publish","format-standard","has-post-thumbnail","hentry","category-minuto-a-minuto","category-zona-gris"],"jetpack_featured_media_url":"https:\/\/zonaroja.com.mx\/wp-content\/uploads\/2021\/11\/img_9512.jpg","jetpack_sharing_enabled":true,"_links":{"self":[{"href":"https:\/\/zonaroja.com.mx\/index.php?rest_route=\/wp\/v2\/posts\/33851","targetHints":{"allow":["GET"]}}],"collection":[{"href":"https:\/\/zonaroja.com.mx\/index.php?rest_route=\/wp\/v2\/posts"}],"about":[{"href":"https:\/\/zonaroja.com.mx\/index.php?rest_route=\/wp\/v2\/types\/post"}],"author":[{"embeddable":true,"href":"https:\/\/zonaroja.com.mx\/index.php?rest_route=\/wp\/v2\/users\/2"}],"replies":[{"embeddable":true,"href":"https:\/\/zonaroja.com.mx\/index.php?rest_route=%2Fwp%2Fv2%2Fcomments&post=33851"}],"version-history":[{"count":1,"href":"https:\/\/zonaroja.com.mx\/index.php?rest_route=\/wp\/v2\/posts\/33851\/revisions"}],"predecessor-version":[{"id":33852,"href":"https:\/\/zonaroja.com.mx\/index.php?rest_route=\/wp\/v2\/posts\/33851\/revisions\/33852"}],"wp:featuredmedia":[{"embeddable":true,"href":"https:\/\/zonaroja.com.mx\/index.php?rest_route=\/wp\/v2\/media\/33850"}],"wp:attachment":[{"href":"https:\/\/zonaroja.com.mx\/index.php?rest_route=%2Fwp%2Fv2%2Fmedia&parent=33851"}],"wp:term":[{"taxonomy":"category","embeddable":true,"href":"https:\/\/zonaroja.com.mx\/index.php?rest_route=%2Fwp%2Fv2%2Fcategories&post=33851"},{"taxonomy":"post_tag","embeddable":true,"href":"https:\/\/zonaroja.com.mx\/index.php?rest_route=%2Fwp%2Fv2%2Ftags&post=33851"}],"curies":[{"name":"wp","href":"https:\/\/api.w.org\/{rel}","templated":true}]}}