{"id":3386,"date":"2019-08-25T18:20:58","date_gmt":"2019-08-25T23:20:58","guid":{"rendered":"http:\/\/www.zonaroja.com.mx\/?p=3386"},"modified":"2019-08-25T18:22:17","modified_gmt":"2019-08-25T23:22:17","slug":"somos-ciudadanas-y-estamos-indignadas-justicia-para-maria-del-sol","status":"publish","type":"post","link":"https:\/\/zonaroja.com.mx\/?p=3386","title":{"rendered":"\u201c\u00a1Somos ciudadanas y estamos indignadas! \u00a1Justicia para Mar\u00eda del Sol!\u201d"},"content":{"rendered":"\n<p>Ismael Garc\u00eda M. \/Zona Roja.<\/p>\n\n\n\n<p>Fotos: Ana Karina Paez<\/p>\n\n\n\n<p>Oaxaca de\nJu\u00e1rez, Oax., 25 de agosto de 2019.- \u201c\u00a1Queremos ser libres, no violentadas!, \u00a1Juntas\ny fuertes, mujeres siempre!, \u00a1No somos una, no somos 100, pinche gobierno,\ncu\u00e9ntanos bien! \u00a1Justicia para Sol, justicia para Sol, justicia para Sol!\u201d.<\/p>\n\n\n\n<p>En el marco del D\u00eda Naranja, que se conmemora el 25 de cada mes, m\u00e1s de un centenar de personas march\u00f3 de manera pac\u00edfica en Huatulco en contra de los feminicidios y para exigir justicia por las mujeres asesinadas y violentadas en Oaxaca.<\/p>\n\n\n\n<figure class=\"wp-block-embed-twitter wp-block-embed is-type-rich is-provider-twitter\"><div class=\"wp-block-embed__wrapper\">\n<div class=\"twitter-tweet\"><blockquote class=\"twitter-tweet\" data-lang=\"es\"><p lang=\"es\" dir=\"ltr\"><a href=\"https:\/\/twitter.com\/hashtag\/OaxacaRojo?src=hash&amp;ref_src=twsrc%5Etfw\">#OaxacaRojo<\/a><br>Con gritos de \u201c\u00a1Alto a la impunidad! \u00a1Ni una asesinada m\u00e1s!\u201d, este domingo se realiz\u00f3 una marcha en contra de los feminicidios, en Bah\u00edas de Huatulco, Oaxaca. Tras ello protestaron en la sede de la <a href=\"https:\/\/twitter.com\/FISCALIA_GobOax?ref_src=twsrc%5Etfw\">@FISCALIA_GobOax<\/a>. <br>Video; Cortes\u00eda <a href=\"https:\/\/twitter.com\/CONAVIM_MX?ref_src=twsrc%5Etfw\">@CONAVIM_MX<\/a> <a href=\"https:\/\/twitter.com\/OCNF?ref_src=twsrc%5Etfw\">@OCNF<\/a> <a href=\"https:\/\/t.co\/jEKywTunVf\">pic.twitter.com\/jEKywTunVf<\/a><\/p>&mdash; Zona Roja Oaxaca (@MexRoja) <a href=\"https:\/\/twitter.com\/MexRoja\/status\/1165760829200842752?ref_src=twsrc%5Etfw\">25 de agosto de 2019<\/a><\/blockquote><\/div>\n<\/div><\/figure>\n\n\n\n<p>Tras ello,\nefectuaron una protesta en la sede de la Fiscal\u00eda General del Estado, donde\ncriticaron los nulos resultados en materia de procuraci\u00f3n de justicia y\ndemandaron al titular de la instancia, Rub\u00e9n Vasconcelos M\u00e9ndez, trabajo\nefectivo y justicia.<\/p>\n\n\n\n<p>La\ndenominada \u201cBrillanteada en Huatulco\u201d fue organizada por la Asociaci\u00f3n de Mujeres\nde la Costa de Oaxaca (AMCO), encabezada por Rosa Mar\u00eda Castro Salinas, y\nparti\u00f3 del parque Guelaguetza de Santa Cruz Huatulco, desde las siete de la\nma\u00f1ana.<\/p>\n\n\n\n<p>\u201c\u00a1Nos est\u00e1n\nmatando a las mujeres, ni una m\u00e1s, ni una menos! \u00a1Alto a la impunidad! \u00a1Ni una\nasesinada m\u00e1s!\u201d, fueron parte de las consignas, adem\u00e1s de pedir justicia para Mar\u00eda\ndel Sol Cruz Jarqu\u00edn, la fotoperiodista asesinada el 2 de junio de 2018 en\nJuchit\u00e1n de Zaragoza.<\/p>\n\n\n\n<p>De la misma manera, por los recientes cr\u00edmenes ocurridos en la regi\u00f3n de la Costa, entre ellos de la profesora Carmela Parral, quien fuera presidenta municipal de San Jos\u00e9 Estancia Granda y ultimada la semana pasada.<\/p>\n\n\n\n<figure class=\"wp-block-image\"><img decoding=\"async\" width=\"960\" height=\"540\" src=\"http:\/\/www.zonaroja.com.mx\/wp-content\/uploads\/2019\/08\/IMG_1455.jpg\" alt=\"\" class=\"wp-image-3387\" srcset=\"https:\/\/zonaroja.com.mx\/wp-content\/uploads\/2019\/08\/IMG_1455.jpg 960w, https:\/\/zonaroja.com.mx\/wp-content\/uploads\/2019\/08\/IMG_1455-300x169.jpg 300w, https:\/\/zonaroja.com.mx\/wp-content\/uploads\/2019\/08\/IMG_1455-768x432.jpg 768w, https:\/\/zonaroja.com.mx\/wp-content\/uploads\/2019\/08\/IMG_1455-585x329.jpg 585w\" sizes=\"(max-width: 960px) 100vw, 960px\" \/><\/figure>\n\n\n\n<p>Tambi\u00e9n la\njoven Mar\u00eda Eugenia, hallada muerta hasta ahora en circunstancias extra\u00f1as, el\ndomingo pasado en Puerto Escondido, as\u00ed como los casos ocurridos recientemente en\nSanto Domingo de Morelos y San Agust\u00edn Chayuco.<\/p>\n\n\n\n<p>De la misma\nmanera, clamaron justicia por las activistas, feministas, luchadoras sociales,\nperiodistas y pol\u00edticas, que han sido agredidas de manera reiterada en los\nmunicipios de la entidad.<\/p>\n","protected":false},"excerpt":{"rendered":"<p>Ismael Garc\u00eda M. \/Zona Roja. Fotos: Ana Karina Paez Oaxaca de Ju\u00e1rez, Oax., 25 de&hellip;<\/p>\n","protected":false},"author":2,"featured_media":3388,"comment_status":"closed","ping_status":"open","sticky":false,"template":"","format":"standard","meta":{"_lmt_disableupdate":"","_lmt_disable":"","_jetpack_memberships_contains_paid_content":false,"footnotes":""},"categories":[109,51],"tags":[619,610,618],"class_list":["post-3386","post","type-post","status-publish","format-standard","has-post-thumbnail","hentry","category-minuto-a-minuto","category-zona-roja","tag-asociacion-de-mujeres-de-la-costa-de-oaxaca","tag-feminicidios-oaxaca","tag-marcha-huatulco"],"jetpack_featured_media_url":"https:\/\/zonaroja.com.mx\/wp-content\/uploads\/2019\/08\/IMG_1464.jpg","jetpack_sharing_enabled":true,"_links":{"self":[{"href":"https:\/\/zonaroja.com.mx\/index.php?rest_route=\/wp\/v2\/posts\/3386","targetHints":{"allow":["GET"]}}],"collection":[{"href":"https:\/\/zonaroja.com.mx\/index.php?rest_route=\/wp\/v2\/posts"}],"about":[{"href":"https:\/\/zonaroja.com.mx\/index.php?rest_route=\/wp\/v2\/types\/post"}],"author":[{"embeddable":true,"href":"https:\/\/zonaroja.com.mx\/index.php?rest_route=\/wp\/v2\/users\/2"}],"replies":[{"embeddable":true,"href":"https:\/\/zonaroja.com.mx\/index.php?rest_route=%2Fwp%2Fv2%2Fcomments&post=3386"}],"version-history":[{"count":2,"href":"https:\/\/zonaroja.com.mx\/index.php?rest_route=\/wp\/v2\/posts\/3386\/revisions"}],"predecessor-version":[{"id":3390,"href":"https:\/\/zonaroja.com.mx\/index.php?rest_route=\/wp\/v2\/posts\/3386\/revisions\/3390"}],"wp:featuredmedia":[{"embeddable":true,"href":"https:\/\/zonaroja.com.mx\/index.php?rest_route=\/wp\/v2\/media\/3388"}],"wp:attachment":[{"href":"https:\/\/zonaroja.com.mx\/index.php?rest_route=%2Fwp%2Fv2%2Fmedia&parent=3386"}],"wp:term":[{"taxonomy":"category","embeddable":true,"href":"https:\/\/zonaroja.com.mx\/index.php?rest_route=%2Fwp%2Fv2%2Fcategories&post=3386"},{"taxonomy":"post_tag","embeddable":true,"href":"https:\/\/zonaroja.com.mx\/index.php?rest_route=%2Fwp%2Fv2%2Ftags&post=3386"}],"curies":[{"name":"wp","href":"https:\/\/api.w.org\/{rel}","templated":true}]}}