{"id":33866,"date":"2021-11-03T15:38:25","date_gmt":"2021-11-03T21:38:25","guid":{"rendered":"http:\/\/www.zonaroja.com.mx\/?p=33866"},"modified":"2021-11-03T15:39:57","modified_gmt":"2021-11-03T21:39:57","slug":"__trashed","status":"publish","type":"post","link":"https:\/\/zonaroja.com.mx\/?p=33866","title":{"rendered":"Pacientes del Hospital de la Ni\u00f1ez piden donadores de sangre&nbsp;&nbsp;"},"content":{"rendered":"\n<p>Evlin Arag\u00f3n\/&nbsp;&nbsp;<\/p>\n\n\n\n<p>Dalila, Luis, Isabella y Miguel \u00c1ngel son pacientes del Hospital de la Ni\u00f1ez Oaxaque\u00f1a y solicitan donadores de sangre y plaquetas para continuar con sus tratamientos contra el c\u00e1ncer que los aqueja.&nbsp;&nbsp;&nbsp;<\/p>\n\n\n\n<p>\u201cMe llamo Dalila, soy paciente hemato oncol\u00f3gica del Hospital de la Ni\u00f1ez Oaxaque\u00f1a y necesito urgentemente donadores de sangre y plaquetas. \u00bfPuedes ayudarme?\u201d, se puede leer en una de las publicaciones realizadas por la asociaci\u00f3n civil Con Causa.&nbsp;&nbsp;<\/p>\n\n\n\n<p>Familiares de la peque\u00f1a habilitaron el n\u00famero de celular 287 1443985 para quien, dentro de sus posibilidades, pueda ayudar y convertirse en donador o donadora.&nbsp;&nbsp;&nbsp;<\/p>\n\n\n\n<p>Mientras que, con un reciente diagn\u00f3stico de Leucemia, el peque\u00f1o Luis tambi\u00e9n se ha visto en la necesidad de solicitar el apoyo y respaldo de la sociedad en general.&nbsp;&nbsp;<\/p>\n\n\n\n<p>\u201cHola, soy Luis, hace unos d\u00edas fui diagnosticado con Leucemia en el Hospital de la Ni\u00f1ez Oaxaque\u00f1a y necesito urgentemente donadores de sangre y plaquetas. Si quieres convertirte en mi donador por favor llama o env\u00eda mensaje al 287 1137981, muchas gracias\u201d.&nbsp;&nbsp;<\/p>\n\n\n\n<p>La falta de insumos y materiales al interior del nosocomio y la escasez recientemente denunciada al interior del Centro Estatal de Transfusi\u00f3n Sangu\u00ednea (CETS) ha hecho estragos en la comunidad infantil, que desde hace meses solicita el apoyo de la ciudadan\u00eda para continuar con sus tratamientos.\u00a0\u00a0<\/p>\n\n\n\n<figure class=\"wp-block-embed is-type-rich is-provider-twitter wp-block-embed-twitter\"><div class=\"wp-block-embed__wrapper\">\n<div class=\"twitter-tweet\"><blockquote class=\"twitter-tweet\" data-lang=\"es\"><p lang=\"et\" dir=\"ltr\">Ana Noheli \u2665\ufe0f <a href=\"https:\/\/t.co\/9arjYdwP0l\">https:\/\/t.co\/9arjYdwP0l<\/a> <a href=\"https:\/\/t.co\/tp2aW5llgg\">pic.twitter.com\/tp2aW5llgg<\/a><\/p>&mdash; Con Causa (@ConCausaMX) <a href=\"https:\/\/twitter.com\/ConCausaMX\/status\/1415462626759430144?ref_src=twsrc%5Etfw\">15 de julio de 2021<\/a><\/blockquote><\/div>\n<\/div><\/figure>\n\n\n\n<p>En la misma situaci\u00f3n se encuentra Isabella que, a sus once a\u00f1os de edad, se enfrenta a las deficiencias del sector salud de Oaxaca, que no puede superar la crisis en la que se encuentra desde hace a\u00f1os.&nbsp;&nbsp;&nbsp;<\/p>\n\n\n\n<p>\u201cHola, soy Isabella, tengo 11 a\u00f1os, soy paciente de leucemia del Hospital de la Ni\u00f1ez Oaxaque\u00f1a y necesito donadores de sangre y plaquetas de manera urgente, por favor ay\u00fadame. Contacta a mi mam\u00e1 al 951 1954420\u201d.&nbsp;&nbsp;&nbsp;<\/p>\n\n\n\n<p>Finalmente, al llamado de ayuda se une Miguel \u00c1ngel quien tambi\u00e9n refiere su urgente necesidad, por lo que incluso pide a la poblaci\u00f3n compartir la publicaci\u00f3n a fin de conseguir la donaci\u00f3n.&nbsp;&nbsp;&nbsp;<\/p>\n\n\n\n<p>\u201cSoy Miguel \u00c1ngel paciente de leucemia del Hospital de la Ni\u00f1ez Oaxaque\u00f1a y necesito urgentemente donadores de sangre y plaquetas. Por favor llama o env\u00eda mensaje al 953 1494302. Ay\u00fadame compartiendo\u201d.&nbsp;&nbsp;&nbsp;<\/p>\n\n\n\n<p>Apenas hace diez d\u00edas, diversos&nbsp;testimonios de pacientes con c\u00e1ncer y sus familiares, dieron cuenta de la falta de sensibilidad por parte de las autoridades estatales y federales, que no terminan de ponerse de acuerdo para solucionar el problema que existe en el rubro de salud en la entidad.&nbsp;&nbsp;&nbsp;<\/p>\n","protected":false},"excerpt":{"rendered":"<p>Evlin Arag\u00f3n\/&nbsp;&nbsp; Dalila, Luis, Isabella y Miguel \u00c1ngel son pacientes del Hospital de la Ni\u00f1ez&hellip;<\/p>\n","protected":false},"author":2,"featured_media":33867,"comment_status":"closed","ping_status":"open","sticky":false,"template":"","format":"standard","meta":{"_lmt_disableupdate":"","_lmt_disable":"","_jetpack_memberships_contains_paid_content":false,"footnotes":""},"categories":[109,47],"tags":[318],"class_list":["post-33866","post","type-post","status-publish","format-standard","has-post-thumbnail","hentry","category-minuto-a-minuto","category-zona-gris","tag-hospital-de-la-ninez-oaxaquena"],"jetpack_featured_media_url":"https:\/\/zonaroja.com.mx\/wp-content\/uploads\/2021\/11\/Con-Causa-cancer.jpg","jetpack_sharing_enabled":true,"_links":{"self":[{"href":"https:\/\/zonaroja.com.mx\/index.php?rest_route=\/wp\/v2\/posts\/33866","targetHints":{"allow":["GET"]}}],"collection":[{"href":"https:\/\/zonaroja.com.mx\/index.php?rest_route=\/wp\/v2\/posts"}],"about":[{"href":"https:\/\/zonaroja.com.mx\/index.php?rest_route=\/wp\/v2\/types\/post"}],"author":[{"embeddable":true,"href":"https:\/\/zonaroja.com.mx\/index.php?rest_route=\/wp\/v2\/users\/2"}],"replies":[{"embeddable":true,"href":"https:\/\/zonaroja.com.mx\/index.php?rest_route=%2Fwp%2Fv2%2Fcomments&post=33866"}],"version-history":[{"count":2,"href":"https:\/\/zonaroja.com.mx\/index.php?rest_route=\/wp\/v2\/posts\/33866\/revisions"}],"predecessor-version":[{"id":33870,"href":"https:\/\/zonaroja.com.mx\/index.php?rest_route=\/wp\/v2\/posts\/33866\/revisions\/33870"}],"wp:featuredmedia":[{"embeddable":true,"href":"https:\/\/zonaroja.com.mx\/index.php?rest_route=\/wp\/v2\/media\/33867"}],"wp:attachment":[{"href":"https:\/\/zonaroja.com.mx\/index.php?rest_route=%2Fwp%2Fv2%2Fmedia&parent=33866"}],"wp:term":[{"taxonomy":"category","embeddable":true,"href":"https:\/\/zonaroja.com.mx\/index.php?rest_route=%2Fwp%2Fv2%2Fcategories&post=33866"},{"taxonomy":"post_tag","embeddable":true,"href":"https:\/\/zonaroja.com.mx\/index.php?rest_route=%2Fwp%2Fv2%2Ftags&post=33866"}],"curies":[{"name":"wp","href":"https:\/\/api.w.org\/{rel}","templated":true}]}}