{"id":33871,"date":"2021-11-03T15:43:06","date_gmt":"2021-11-03T21:43:06","guid":{"rendered":"http:\/\/www.zonaroja.com.mx\/?p=33871"},"modified":"2021-11-03T15:43:10","modified_gmt":"2021-11-03T21:43:10","slug":"rinden-protesta-cinco-magistrados-del-poder-judicial-de-oaxaca","status":"publish","type":"post","link":"https:\/\/zonaroja.com.mx\/?p=33871","title":{"rendered":"Rinden protesta cinco magistrados del Poder Judicial de Oaxaca"},"content":{"rendered":"\n<p>Redacci\u00f3n\/Zona Roja.<\/p>\n\n\n\n<p>Oaxaca de Ju\u00e1rez, Oax., 3 de noviembre de 2021.- El titular del Poder Judicial del Estado, magistrado Eduardo Pinacho S\u00e1nchez, tom\u00f3 protesta de ley a los abogados Berenice Ram\u00edrez Jim\u00e9nez, Roxana Elizabeth L\u00f3pez Luna, Sof\u00eda Altamirano Rueda, Alejandro Magno Gonz\u00e1lez Antonio y Juan Carlos D\u00edaz Carranza como integrantes del Pleno del Tribunal Superior de Justicia.<\/p>\n\n\n\n<p>Luego de un proceso democr\u00e1tico, conforme lo establecido en el art\u00edculo 102 de la Constituci\u00f3n Pol\u00edtica del Estado Libre y Soberano de Oaxaca, en el que los tres Poderes del Estado convocaron, evaluaron y eligieron para el cargo a los juristas, el pasado 28 de octubre asumieron la alta responsabilidad con el compromiso de actuar y desempe\u00f1arse con \u00e9tica e imparcialidad.<\/p>\n\n\n\n<p>En sesi\u00f3n solemne de Pleno, al realizarles la toma de protesta, el Magistrado Presidente afirm\u00f3 que se vive un momento hist\u00f3rico de un antes y un despu\u00e9s del Poder Judicial, en el cual se est\u00e1n sentando las bases para construir un sistema de justicia innovador, moderno, din\u00e1mico y vigoroso.<\/p>\n\n\n\n<p>La funci\u00f3n judicial, manifest\u00f3, requiere de honestidad, entrega plena al trabajo, respeto y responsabilidad; tambi\u00e9n precisa elementos t\u00e9cnicos de excelencia que sean capaces de ofrecer una justicia de calidad a la sociedad, ante los constantes cambios que la din\u00e1mica jur\u00eddica impone.<\/p>\n\n\n\n<p>En la ceremonia, el presidente del Tribunal Superior de Justicia y del Consejo de la Judicatura invisti\u00f3 con la toga que les distingue, s\u00edmbolo de su alta investidura, probidad y responsabilidad, a los nuevos magistrados y magistradas, de quienes destac\u00f3 su juventud y reconocida trayectoria y preparaci\u00f3n acad\u00e9mica.<\/p>\n\n\n\n<p>Luego de darles la bienvenida, les pidi\u00f3 desempe\u00f1ar la funci\u00f3n que se les confiere con excelencia y compromiso. \u201cSe requiere sensibilidad, sobre todo a partir de la reforma en materia de derechos humanos. No basta el conocimiento jur\u00eddico, sobre el cual debe prevalecer la rectitud de conciencia\u201d, indic\u00f3.<\/p>\n\n\n\n<p>Asimismo, el magistrado Pinacho S\u00e1nchez les invit\u00f3 a dar su mayor esfuerzo y seguir observando los principios de excelencia, objetividad, imparcialidad, profesionalismo, independencia que exige la magistratura.<\/p>\n\n\n\n<p>De acuerdo con el Art\u00edculo 102 de la Constituci\u00f3n Pol\u00edtica del Estado Libre y Soberano de Oaxaca los nuevos magistrados durar\u00e1n en el ejercicio de su cargo ocho a\u00f1os y podr\u00e1n ser reelectos por un periodo igual.<\/p>\n","protected":false},"excerpt":{"rendered":"<p>Redacci\u00f3n\/Zona Roja. Oaxaca de Ju\u00e1rez, Oax., 3 de noviembre de 2021.- El titular del Poder&hellip;<\/p>\n","protected":false},"author":2,"featured_media":33872,"comment_status":"closed","ping_status":"open","sticky":false,"template":"","format":"standard","meta":{"_lmt_disableupdate":"","_lmt_disable":"","_jetpack_memberships_contains_paid_content":false,"footnotes":""},"categories":[109,47],"tags":[223],"class_list":["post-33871","post","type-post","status-publish","format-standard","has-post-thumbnail","hentry","category-minuto-a-minuto","category-zona-gris","tag-poder-judicial-de-oaxaca"],"jetpack_featured_media_url":"https:\/\/zonaroja.com.mx\/wp-content\/uploads\/2021\/11\/Nuevos-magistrados-se-integraron-al-Pleno-del-TSJE.jpg","jetpack_sharing_enabled":true,"_links":{"self":[{"href":"https:\/\/zonaroja.com.mx\/index.php?rest_route=\/wp\/v2\/posts\/33871","targetHints":{"allow":["GET"]}}],"collection":[{"href":"https:\/\/zonaroja.com.mx\/index.php?rest_route=\/wp\/v2\/posts"}],"about":[{"href":"https:\/\/zonaroja.com.mx\/index.php?rest_route=\/wp\/v2\/types\/post"}],"author":[{"embeddable":true,"href":"https:\/\/zonaroja.com.mx\/index.php?rest_route=\/wp\/v2\/users\/2"}],"replies":[{"embeddable":true,"href":"https:\/\/zonaroja.com.mx\/index.php?rest_route=%2Fwp%2Fv2%2Fcomments&post=33871"}],"version-history":[{"count":1,"href":"https:\/\/zonaroja.com.mx\/index.php?rest_route=\/wp\/v2\/posts\/33871\/revisions"}],"predecessor-version":[{"id":33873,"href":"https:\/\/zonaroja.com.mx\/index.php?rest_route=\/wp\/v2\/posts\/33871\/revisions\/33873"}],"wp:featuredmedia":[{"embeddable":true,"href":"https:\/\/zonaroja.com.mx\/index.php?rest_route=\/wp\/v2\/media\/33872"}],"wp:attachment":[{"href":"https:\/\/zonaroja.com.mx\/index.php?rest_route=%2Fwp%2Fv2%2Fmedia&parent=33871"}],"wp:term":[{"taxonomy":"category","embeddable":true,"href":"https:\/\/zonaroja.com.mx\/index.php?rest_route=%2Fwp%2Fv2%2Fcategories&post=33871"},{"taxonomy":"post_tag","embeddable":true,"href":"https:\/\/zonaroja.com.mx\/index.php?rest_route=%2Fwp%2Fv2%2Ftags&post=33871"}],"curies":[{"name":"wp","href":"https:\/\/api.w.org\/{rel}","templated":true}]}}