{"id":33874,"date":"2021-11-03T16:02:43","date_gmt":"2021-11-03T22:02:43","guid":{"rendered":"http:\/\/www.zonaroja.com.mx\/?p=33874"},"modified":"2021-11-03T16:02:47","modified_gmt":"2021-11-03T22:02:47","slug":"registran-los-sso-140-pacientes-hospitalizados-por-covid-19","status":"publish","type":"post","link":"https:\/\/zonaroja.com.mx\/?p=33874","title":{"rendered":"Registran los SSO 140 pacientes hospitalizados por Covid-19"},"content":{"rendered":"\n<p>Redacci\u00f3n\/Zona Roja.<\/p>\n\n\n\n<p>Oaxaca de Ju\u00e1rez, Oax., 3 de noviembre de 2021.- Los Servicios de Salud de Oaxaca (SSO) reportaron ayer martes que la ocupaci\u00f3n de camas para la atenci\u00f3n de pacientes con Covid-19 es de 33.8%, se mantiene el mismo margen que ayer lunes.<\/p>\n\n\n\n<p>Mientras que, por Jurisdicciones Sanitarias, Valles Centrales concentra el 32.2%, Istmo 37.6%, Tuxtepec 52.9%, Mixteca 28.6%, Costa 33.3% y Sierra se encuentra en 0%.<\/p>\n\n\n\n<p>En tanto, este d\u00eda se cuantificaron seis hospitales que trabajan al l\u00edmite de su capacidad; asimismo, en las \u00faltimas 24 horas se notific\u00f3 el ingreso de una persona a la red m\u00e9dica, para un total de 140 pacientes hospitalizados.<\/p>\n\n\n\n<p>La instituci\u00f3n precis\u00f3 que la cifra de muertes por coronavirus en Oaxaca ascendi\u00f3 este 2 de noviembre a cinco mil 472, luego de que se registraron siete nuevos decesos, as\u00ed como 81 mil 631 casos acumulados, 64 m\u00e1s que el corte de ayer.<\/p>\n\n\n\n<p>En el reporte t\u00e9cnico diario, la dependencia adem\u00e1s precis\u00f3 que la pandemia activa est\u00e1 conformada por 328 casos de personas que presentaron s\u00edntomas del SARS-CoV-2 en los \u00faltimos 14 d\u00edas, y por lo tanto pueden transmitir el virus, principalmente en Valles Centrales con 219 contagios, Tuxtepec con 33, Istmo con 29, Mixteca con 21, Costa con 20 y Sierra con seis.<\/p>\n\n\n\n<figure class=\"wp-block-embed is-type-rich is-provider-twitter wp-block-embed-twitter\"><div class=\"wp-block-embed__wrapper\">\n<div class=\"twitter-tweet\"><blockquote class=\"twitter-tweet\" data-lang=\"es\"><p lang=\"es\" dir=\"ltr\"><a href=\"https:\/\/twitter.com\/hashtag\/%C3%9AltimoMinuto?src=hash&amp;ref_src=twsrc%5Etfw\">#\u00daltimoMinuto<\/a><br>Registra <a href=\"https:\/\/twitter.com\/hashtag\/Oaxaca?src=hash&amp;ref_src=twsrc%5Etfw\">#Oaxaca<\/a> este martes 64 nuevos casos de Covi-19, para un total de 81 mil 631 casos confirmados, seg\u00fan los Servicios de Salud.<br>Asimismo 7 defunciones, para un acumulado de 5 mil 472 decesos.<br>Hay 6 nosocomios saturados; ocupaci\u00f3n hospitalaria promedio de 33.8% <a href=\"https:\/\/t.co\/wdd1GaOw5f\">pic.twitter.com\/wdd1GaOw5f<\/a><\/p>&mdash; Zona Roja Oaxaca (@Zona_Roja_Oax) <a href=\"https:\/\/twitter.com\/Zona_Roja_Oax\/status\/1455727848421945347?ref_src=twsrc%5Etfw\">3 de noviembre de 2021<\/a><\/blockquote><\/div>\n<\/div><\/figure>\n\n\n\n<p>Se\u00f1al\u00f3 que las localidades con el mayor n\u00famero de casos nuevos en esta jornada son: Oaxaca de Ju\u00e1rez con 20 contagios, as\u00ed como la Heroica Ciudad de Tlaxiaco y Villa de Zaachila con cuatro cada uno; adem\u00e1s de San Juan Bautista Tuxtepec con tres y Santa Cruz Xoxocotl\u00e1n con el mismo n\u00famero, el resto dos y un contagio. Dando total de 29 municipios con notificaciones en las \u00faltimas 24 horas.<\/p>\n\n\n\n<p>Las cifras estatales de casos positivos y defunciones se encuentran de la siguiente manera: Valles Centrales con 49 mil 599 confirmados y dos mil 433 decesos; Istmo 11 mil 649 confirmados y mil 185 muertes; Tuxtepec cinco mil 476 confirmados y 544 fallecimientos; Costa cinco mil 767 confirmados y 462 p\u00e9rdida de vidas; Mixteca seis mil 274 confirmados y 558 decesos, Sierra dos mil 866 confirmados y 290 v\u00edctimas.<\/p>\n\n\n\n<p>En este sentido, la instituci\u00f3n reitera el llamado a quienes presenten s\u00edntomas de alarma por COVID-19 como: dificultad para respirar, pulso y respiraciones aceleradas, fiebre que no se quita, dolor en el pecho o el t\u00f3rax, deben solicitar atenci\u00f3n m\u00e9dica oportuna o llamar al n\u00famero de emergencia 911, para evitar complicaciones.<\/p>\n\n\n\n<p>Conjuntamente, a\u00f1adi\u00f3 la importancia de seguir implementando las acciones de higiene y protecci\u00f3n para lograr reducir los contagios en la entidad, y avanzar hacia la nueva normalidad.<\/p>\n","protected":false},"excerpt":{"rendered":"<p>Redacci\u00f3n\/Zona Roja. Oaxaca de Ju\u00e1rez, Oax., 3 de noviembre de 2021.- Los Servicios de Salud&hellip;<\/p>\n","protected":false},"author":2,"featured_media":33875,"comment_status":"closed","ping_status":"open","sticky":false,"template":"","format":"standard","meta":{"_lmt_disableupdate":"","_lmt_disable":"","_jetpack_memberships_contains_paid_content":false,"footnotes":""},"categories":[109,47],"tags":[1512],"class_list":["post-33874","post","type-post","status-publish","format-standard","has-post-thumbnail","hentry","category-minuto-a-minuto","category-zona-gris","tag-coronavirus-oaxaca"],"jetpack_featured_media_url":"https:\/\/zonaroja.com.mx\/wp-content\/uploads\/2021\/11\/Covid-2nov.jpg","jetpack_sharing_enabled":true,"_links":{"self":[{"href":"https:\/\/zonaroja.com.mx\/index.php?rest_route=\/wp\/v2\/posts\/33874","targetHints":{"allow":["GET"]}}],"collection":[{"href":"https:\/\/zonaroja.com.mx\/index.php?rest_route=\/wp\/v2\/posts"}],"about":[{"href":"https:\/\/zonaroja.com.mx\/index.php?rest_route=\/wp\/v2\/types\/post"}],"author":[{"embeddable":true,"href":"https:\/\/zonaroja.com.mx\/index.php?rest_route=\/wp\/v2\/users\/2"}],"replies":[{"embeddable":true,"href":"https:\/\/zonaroja.com.mx\/index.php?rest_route=%2Fwp%2Fv2%2Fcomments&post=33874"}],"version-history":[{"count":1,"href":"https:\/\/zonaroja.com.mx\/index.php?rest_route=\/wp\/v2\/posts\/33874\/revisions"}],"predecessor-version":[{"id":33876,"href":"https:\/\/zonaroja.com.mx\/index.php?rest_route=\/wp\/v2\/posts\/33874\/revisions\/33876"}],"wp:featuredmedia":[{"embeddable":true,"href":"https:\/\/zonaroja.com.mx\/index.php?rest_route=\/wp\/v2\/media\/33875"}],"wp:attachment":[{"href":"https:\/\/zonaroja.com.mx\/index.php?rest_route=%2Fwp%2Fv2%2Fmedia&parent=33874"}],"wp:term":[{"taxonomy":"category","embeddable":true,"href":"https:\/\/zonaroja.com.mx\/index.php?rest_route=%2Fwp%2Fv2%2Fcategories&post=33874"},{"taxonomy":"post_tag","embeddable":true,"href":"https:\/\/zonaroja.com.mx\/index.php?rest_route=%2Fwp%2Fv2%2Ftags&post=33874"}],"curies":[{"name":"wp","href":"https:\/\/api.w.org\/{rel}","templated":true}]}}