{"id":33877,"date":"2021-11-03T16:04:07","date_gmt":"2021-11-03T22:04:07","guid":{"rendered":"http:\/\/www.zonaroja.com.mx\/?p=33877"},"modified":"2021-11-03T16:04:11","modified_gmt":"2021-11-03T22:04:11","slug":"culminan-fiestas-de-muertos-y-se-reactivan-bloqueos-en-oaxaca","status":"publish","type":"post","link":"https:\/\/zonaroja.com.mx\/?p=33877","title":{"rendered":"Culminan fiestas de Muertos y se reactivan bloqueos en Oaxaca"},"content":{"rendered":"\n<p>Evlin Arag\u00f3n\/Zona Roja.<\/p>\n\n\n\n<p>Oaxaca de Ju\u00e1rez, Oax., 3 de noviembre de 2021.- A unas horas de haber concluido las festividades de D\u00eda de Muertos, habitantes de los municipios de Ayoquezco de Aldama y Salina Cruz reactivaron las protestas e instalaron bloqueos viales en la entidad ante demandas que, aseguran, no han sido atendidas por las autoridades estatales.&nbsp;<\/p>\n\n\n\n<p>Mientras tanto, en la zona norte del Istmo de Tehuantepec, localidades como La Mixtequita mantienen un bloqueo, para exigir recursos a su cabecera municipal San Juan Mazatl\u00e1n Mixe.<\/p>\n\n\n\n<p>Desde temprana hora, pobladores de Ayoquezco de Aldama interrumpieron el paso en la carretera federal 131, a la altura de su comunidad y con rumbo a Puerto Escondido, uno de los dos destinos de playa m\u00e1s visitados durante este puente por las festividades.&nbsp;<\/p>\n\n\n\n<p>De acuerdo con los primeros reportes, la actividad se dio en exigencia de una auditoria para el edil Manuel Miguel Ortiz Quintero, quien ya est\u00e1 por concluir su administraci\u00f3n y no ha cumplido con la obra p\u00fablica prometida en la localidad, ello a pesar que recibe m\u00e1s de 20 millones de pesos por parte del gobierno federal.<\/p>\n\n\n\n<p>En la protesta tambi\u00e9n se incluyeron las regidoras de Salud, Deporte, Educaci\u00f3n y Cultura quienes solicitaron la destituci\u00f3n del regidor de Agricultura, Mauricio Ortega, a quien acusan de mis\u00f3gino y de ejercer violencia por raz\u00f3n de g\u00e9nero en su contra.&nbsp;<\/p>\n\n\n\n<p>Dicho personaje ya fue denunciado ante Fiscal\u00eda Especializada en Atenci\u00f3n a Delitos en Raz\u00f3n de Genero quien inici\u00f3 la carpeta de investigaci\u00f3n 80322\/FUMJ\/2021 promovida por la regidora de Salud, Elvia Jim\u00e9nez.&nbsp;<\/p>\n\n\n\n<p>El malestar de la poblaci\u00f3n no es nuevo, desde inicios del mes de octubre se han manifestado al interior de la localidad y han instalado el bloqueo de manera intermitente para denunciar las irregularidades financieras y violencia de la que han sido v\u00edctimas.<\/p>\n\n\n\n<p>EN SALINA CRUZ<\/p>\n\n\n\n<p>La anterior no se trat\u00f3 de la \u00fanica protesta, toda vez que integrantes de la Cooperativa de Pescadores Ribere\u00f1os de la agencia de Salinas del Marqu\u00e9s, perteneciente al municipio de Salina Cruz, bloquearon el acceso a la obra denominada Rompeolas, ubicada en la localidad.&nbsp;<\/p>\n\n\n\n<p>La informaci\u00f3n proveniente de la regi\u00f3n del Istmo dio cuenta que, desde las siete de la ma\u00f1ana, un aproximado de 60 personas denunciaron el incumplimiento de un acuerdo signado el 13 de octubre del 2020 con los gobiernos estatal y federal.&nbsp;&nbsp;<\/p>\n\n\n\n<p>Aunque no especificaron en que consiste dicho documento, se sabe que desde el mes de julio ya hab\u00edan realizado una acci\u00f3n similar en la obra que forma parte del Corredor Interoce\u00e1nico del Istmo de Tehuantepec (CIIT), como medida de presi\u00f3n para que fueran atendidas sus demandas.<\/p>\n\n\n\n<p>En el lugar pidieron la presencia del titular del CIIT, Rafael Mar\u00edn Mollinedo, a quien culpan de no tomar en cuenta a la comunidad pesquera dentro del mentado desarrollo que se proyecta en la regi\u00f3n.&nbsp;<\/p>\n\n\n\n<p>ZONA NORTE<\/p>\n\n\n\n<p>Mientras tanto, por tercera semana, pobladores de La Mixtequita bloquean vialidades de comunidades pertenecientes al municipio de Mat\u00edas Romero Avenda\u00f1o, para exigir recursos presupuestales a la cabecera de San Juan Mazatl\u00e1n Mixe.<\/p>\n\n\n\n<p>Lo anterior ha irritado a comunidades como San Pedro Evangelista, Monte \u00c1guila y Nuevo Centro, que quedaron incomunicados por decisi\u00f3n de La Mixtequita, pero sin tener parte en el conflicto.<\/p>\n\n\n\n<p>Por ello, exigieron al Gobierno del Estado, como a los ayuntamientos de Mazatl\u00e1n Mixe y Mat\u00edas Romero, intervenir a la brevedad, pues ellos no tienen ninguna intervenci\u00f3n o responsabilidad en el problema de La Mixtequita y han sufrido el aislamiento, con el cierre de sus caminos.<\/p>\n","protected":false},"excerpt":{"rendered":"<p>Evlin Arag\u00f3n\/Zona Roja. Oaxaca de Ju\u00e1rez, Oax., 3 de noviembre de 2021.- A unas horas&hellip;<\/p>\n","protected":false},"author":2,"featured_media":33878,"comment_status":"closed","ping_status":"open","sticky":false,"template":"","format":"standard","meta":{"_lmt_disableupdate":"","_lmt_disable":"","_jetpack_memberships_contains_paid_content":false,"footnotes":""},"categories":[109,47],"tags":[2254],"class_list":["post-33877","post","type-post","status-publish","format-standard","has-post-thumbnail","hentry","category-minuto-a-minuto","category-zona-gris","tag-protestas-y-bloqueos-oaxaca"],"jetpack_featured_media_url":"https:\/\/zonaroja.com.mx\/wp-content\/uploads\/2021\/11\/Bloqueo-Ayoquezco-de-Aldama.jpg","jetpack_sharing_enabled":true,"_links":{"self":[{"href":"https:\/\/zonaroja.com.mx\/index.php?rest_route=\/wp\/v2\/posts\/33877","targetHints":{"allow":["GET"]}}],"collection":[{"href":"https:\/\/zonaroja.com.mx\/index.php?rest_route=\/wp\/v2\/posts"}],"about":[{"href":"https:\/\/zonaroja.com.mx\/index.php?rest_route=\/wp\/v2\/types\/post"}],"author":[{"embeddable":true,"href":"https:\/\/zonaroja.com.mx\/index.php?rest_route=\/wp\/v2\/users\/2"}],"replies":[{"embeddable":true,"href":"https:\/\/zonaroja.com.mx\/index.php?rest_route=%2Fwp%2Fv2%2Fcomments&post=33877"}],"version-history":[{"count":1,"href":"https:\/\/zonaroja.com.mx\/index.php?rest_route=\/wp\/v2\/posts\/33877\/revisions"}],"predecessor-version":[{"id":33879,"href":"https:\/\/zonaroja.com.mx\/index.php?rest_route=\/wp\/v2\/posts\/33877\/revisions\/33879"}],"wp:featuredmedia":[{"embeddable":true,"href":"https:\/\/zonaroja.com.mx\/index.php?rest_route=\/wp\/v2\/media\/33878"}],"wp:attachment":[{"href":"https:\/\/zonaroja.com.mx\/index.php?rest_route=%2Fwp%2Fv2%2Fmedia&parent=33877"}],"wp:term":[{"taxonomy":"category","embeddable":true,"href":"https:\/\/zonaroja.com.mx\/index.php?rest_route=%2Fwp%2Fv2%2Fcategories&post=33877"},{"taxonomy":"post_tag","embeddable":true,"href":"https:\/\/zonaroja.com.mx\/index.php?rest_route=%2Fwp%2Fv2%2Ftags&post=33877"}],"curies":[{"name":"wp","href":"https:\/\/api.w.org\/{rel}","templated":true}]}}