{"id":33886,"date":"2021-11-03T20:47:45","date_gmt":"2021-11-04T02:47:45","guid":{"rendered":"http:\/\/www.zonaroja.com.mx\/?p=33886"},"modified":"2021-11-03T20:47:49","modified_gmt":"2021-11-04T02:47:49","slug":"opinion-un-brote-en-el-paramo","status":"publish","type":"post","link":"https:\/\/zonaroja.com.mx\/?p=33886","title":{"rendered":"Opini\u00f3n. Un brote en el p\u00e1ramo"},"content":{"rendered":"\n<p>Gibr\u00e1n Ram\u00edrez Reyes*<\/p>\n\n\n\n<p>Jes\u00fas Silva-Herzog ha escrito \u00abLa casa de la contradicci\u00f3n\u00bb, la cr\u00edtica m\u00e1s mordaz y aguda desde el liberalismo al r\u00e9gimen de la transici\u00f3n y al cambio que encabeza el presidente L\u00f3pez Obrador, a ambos.<\/p>\n\n\n\n<p>Es un libro profundo y panor\u00e1mico, que toma el reto de reescribir el pasado, examinarlo, criticarlo. Por ello, supera a los defensores del fallido tr\u00e1nsito al pluralismo que fue tambi\u00e9n el tr\u00e1nsito a una econom\u00eda pol\u00edtica de desigualdad y corrupci\u00f3n, a un r\u00e9gimen de mortandad que ve con naturalidad los cientos de miles de muertes violentas. Ha superado un dique.<\/p>\n\n\n\n<p>Coincido en una serie de ideas que redacto a mi modo. Rehuir el conflicto y apostar por los buenos modales volvi\u00f3 nuestro pluralismo chato. Las redes sociales son jaulas de aislamiento y radicalizaci\u00f3n que han afectado la relaci\u00f3n entre la pol\u00edtica y la verdad.<\/p>\n\n\n\n<p>Los gobiernos de PAN y PRI fueron el reino de la impotencia fr\u00edvola y corrupta. Pasamos &#8211;en la transici\u00f3n&#8211; de uno a tres partidos paraestatales. Las \u00e9lites hip\u00f3critas y mediocres de la transici\u00f3n quisieron transparencia y modernidad, mientras no se transparentaran sus contratos ni se modernizaran sus cotos de poder.<\/p>\n\n\n\n<p>\u00abPor una democracia sin adjetivos\u00bb es un texto c\u00e1ndido y biso\u00f1o. Verdades como pu\u00f1os de una rep\u00fablica mafiosa que debe ser demolida.<\/p>\n\n\n\n<p>Llegamos, despu\u00e9s de 2018, a la crisis desoladora de todos los partidos.<\/p>\n\n\n\n<p>Ha sido penosa la respuesta del gobierno ante el feminismo. La voluntad, el teatro, la fraseocracia y el monumentalismo son la esencia de la pol\u00edtica de nuestro tiempo, de nuestro gobierno y del movimiento al que pertenezco y se han tomado por suced\u00e1neos de la ideolog\u00eda y el programa.<\/p>\n\n\n\n<p>Adolfo Gilly habl\u00f3 alguna vez del lopezobradorismo como advenimiento del neoliberalismo social y tuvo algo de raz\u00f3n. M\u00e1s verdades como pu\u00f1os de una rep\u00fablica a la que no se le ha quitado lo mafiosa \u2013incluso y excluyendo al presidente L\u00f3pez Obrador, cabe preguntarse si, entre los que realmente mandan en Morena, alguien m\u00e1s se lo ha planteado en serio.<\/p>\n\n\n\n<p>Pero, a diferencia de Jes\u00fas, sostengo que s\u00ed hay un legado de construcci\u00f3n destacable. Joel Flores ha se\u00f1alado que la pensi\u00f3n que llegar\u00e1 a 3 mil pesos en 2024 ser\u00e1 la segunda prestaci\u00f3n p\u00fablica realmente universal adem\u00e1s de la educaci\u00f3n b\u00e1sica gratuita.<\/p>\n\n\n\n<p>Hubo una reforma fundamental en materia de protecci\u00f3n social al art\u00edculo cuarto constitucional. Ha crecido IMSS-Bienestar. Est\u00e1 por concretarse una reforma el\u00e9ctrica fundamental para el futuro del pa\u00eds.<\/p>\n\n\n\n<p>Tenemos por primera vez una polic\u00eda realmente nacional, con casi cien mil efectivos. El canal once se ha diversificado y junto con el SPR crece (tendremos, al final del sexenio, dos cadenas p\u00fablicas nacionales). El salario m\u00ednimo tuvo un crecimiento hist\u00f3rico. Hay m\u00e1s gobernabilidad y acuerdo con el gobierno de lo que hubo con EPN, quien no enfrent\u00f3 una crisis como la actual.<\/p>\n\n\n\n<p>Despu\u00e9s de todo, AMLO es el pol\u00edtico m\u00e1s raro y talentoso que haya visto M\u00e9xico en mucho tiempo, como reconoce Silva-Herzog. Las revoluciones, los procesos de demolici\u00f3n y cambio, abren un campo de incertidumbres y oportunidades que permiten ensayar, errar, reconstruir. Los contornos y la historia del naciente r\u00e9gimen est\u00e1n todav\u00eda por definirse y escribirse.<\/p>\n\n\n\n<p>* Doctor en ciencia pol\u00edtica por la UNAM.<\/p>\n","protected":false},"excerpt":{"rendered":"<p>Gibr\u00e1n Ram\u00edrez Reyes* Jes\u00fas Silva-Herzog ha escrito \u00abLa casa de la contradicci\u00f3n\u00bb, la cr\u00edtica m\u00e1s&hellip;<\/p>\n","protected":false},"author":2,"featured_media":24099,"comment_status":"closed","ping_status":"open","sticky":false,"template":"","format":"standard","meta":{"_lmt_disableupdate":"","_lmt_disable":"","_jetpack_memberships_contains_paid_content":false,"footnotes":""},"categories":[456,109],"tags":[2489],"class_list":["post-33886","post","type-post","status-publish","format-standard","has-post-thumbnail","hentry","category-columna","category-minuto-a-minuto","tag-gibran-ramirez-reyes"],"jetpack_featured_media_url":"https:\/\/zonaroja.com.mx\/wp-content\/uploads\/2021\/02\/Gibran-Ramirez-Reyes.jpg","jetpack_sharing_enabled":true,"_links":{"self":[{"href":"https:\/\/zonaroja.com.mx\/index.php?rest_route=\/wp\/v2\/posts\/33886","targetHints":{"allow":["GET"]}}],"collection":[{"href":"https:\/\/zonaroja.com.mx\/index.php?rest_route=\/wp\/v2\/posts"}],"about":[{"href":"https:\/\/zonaroja.com.mx\/index.php?rest_route=\/wp\/v2\/types\/post"}],"author":[{"embeddable":true,"href":"https:\/\/zonaroja.com.mx\/index.php?rest_route=\/wp\/v2\/users\/2"}],"replies":[{"embeddable":true,"href":"https:\/\/zonaroja.com.mx\/index.php?rest_route=%2Fwp%2Fv2%2Fcomments&post=33886"}],"version-history":[{"count":1,"href":"https:\/\/zonaroja.com.mx\/index.php?rest_route=\/wp\/v2\/posts\/33886\/revisions"}],"predecessor-version":[{"id":33887,"href":"https:\/\/zonaroja.com.mx\/index.php?rest_route=\/wp\/v2\/posts\/33886\/revisions\/33887"}],"wp:featuredmedia":[{"embeddable":true,"href":"https:\/\/zonaroja.com.mx\/index.php?rest_route=\/wp\/v2\/media\/24099"}],"wp:attachment":[{"href":"https:\/\/zonaroja.com.mx\/index.php?rest_route=%2Fwp%2Fv2%2Fmedia&parent=33886"}],"wp:term":[{"taxonomy":"category","embeddable":true,"href":"https:\/\/zonaroja.com.mx\/index.php?rest_route=%2Fwp%2Fv2%2Fcategories&post=33886"},{"taxonomy":"post_tag","embeddable":true,"href":"https:\/\/zonaroja.com.mx\/index.php?rest_route=%2Fwp%2Fv2%2Ftags&post=33886"}],"curies":[{"name":"wp","href":"https:\/\/api.w.org\/{rel}","templated":true}]}}