{"id":33895,"date":"2021-11-04T07:34:58","date_gmt":"2021-11-04T13:34:58","guid":{"rendered":"http:\/\/www.zonaroja.com.mx\/?p=33895"},"modified":"2021-11-04T07:35:02","modified_gmt":"2021-11-04T13:35:02","slug":"inicia-segunda-fase-de-justicia-laboral-en-oaxaca-e-inauguran-inmuebles","status":"publish","type":"post","link":"https:\/\/zonaroja.com.mx\/?p=33895","title":{"rendered":"Inicia segunda fase de justicia laboral en Oaxaca e inauguran inmuebles"},"content":{"rendered":"\n<p>Redacci\u00f3n\/Zona Roja.<\/p>\n\n\n\n<p>Oaxaca de Ju\u00e1rez, Oax., 4 de noviembre de 2021.- Titulares de los poderes Ejecutivo y Judicial de Oaxaca inauguraron dieron inicio ayer a la segunda fase del Sistema de Justicia Laboral en la entidad.<\/p>\n\n\n\n<p>En ese marco, fueron inauguradas cinco instalaciones judiciales, incluyendo el Centro de Conciliaci\u00f3n Laboral del Estado de Oaxaca (Cecol), en Santa Mar\u00eda Ixcotel, y el Centro de Justicia \u201cMargarita Maza Parada\u201d, de San Francisco Tanivet, Tlacolula.<\/p>\n\n\n\n<p>En compa\u00f1\u00eda del presidente del Tribunal Superior de Justicia del Estado (TSJE), Eduardo Pinacho S\u00e1nchez, el gobernador Alejandro Murat Hinojosa inaugur\u00f3 en Ixcotel el Centro de Conciliaci\u00f3n Laboral, con una inversi\u00f3n de 11.78 millones de pesos.<\/p>\n\n\n\n<p>De acuerdo con un comunicado de prensa, en su mensaje, el titular del Poder Ejecutivo destac\u00f3 que Oaxaca es el estado de mayor tradici\u00f3n jur\u00eddica de M\u00e9xico, pues tan solo el nombre de Benito Ju\u00e1rez hace que la entidad brille a los ojos del mundo como referente del respeto a la ley y a la justicia.<\/p>\n\n\n\n<p>\u201cOaxaca crea, construye y crece en equipo. Hoy Oaxaca inicia la segunda etapa de la nueva reforma laboral. Lo hacemos en tiempo y forma, con todos los recursos materiales y humanos necesarios para su buena marcha y operaci\u00f3n.<\/p>\n\n\n\n<p>\u201cDe esta manera, los Tres Poderes estamos garantizando el acceso de la ciudadan\u00eda a una justicia eficaz acorde a los nuevos tiempos\u201d, declar\u00f3 al reconocer que su gobierno ha hecho un esfuerzo importante para garantizar los derechos humanos de la ciudadan\u00eda y Oaxaca avance por el camino correcto.<\/p>\n\n\n\n<p>A su vez, el presidente del Tribunal Superior de Justicia, Eduardo Pinacho S\u00e1nchez, declar\u00f3 que a partir de ahora, en Oaxaca se inicia la migraci\u00f3n de la impartici\u00f3n de una justicia laboral y se traslada de las juntas de conciliaci\u00f3n y arbitraje a tribunales laborales dependientes del Tribunal Judicial del Estado, sistema con el que se materializa la doctrina procesal cient\u00edfica como unidad de la jurisdicci\u00f3n, es decir, que todo ejercicio jurisdiccional se enmarca dentro de la competencia del Poder Judicial del Estado.<\/p>\n\n\n\n<figure class=\"wp-block-embed is-type-rich is-provider-twitter wp-block-embed-twitter\"><div class=\"wp-block-embed__wrapper\">\n<div class=\"twitter-tweet\"><blockquote class=\"twitter-tweet\" data-lang=\"es\"><p lang=\"es\" dir=\"ltr\">En el marco del inicio de la segunda etapa del Sistema de Justicia Laboral, cinco instalaciones judiciales fueron inauguradas ayer, en actos encabezados por titulares de los poderes Ejecutivo de <a href=\"https:\/\/twitter.com\/hashtag\/Oaxaca?src=hash&amp;ref_src=twsrc%5Etfw\">#Oaxaca<\/a>, <a href=\"https:\/\/twitter.com\/alejandromurat?ref_src=twsrc%5Etfw\">@alejandromurat<\/a>, y Judicial, Eduardo Pinacho S\u00e1nchez. <br>Aqu\u00ed los detalles: <a href=\"https:\/\/t.co\/dKV5jIovtw\">pic.twitter.com\/dKV5jIovtw<\/a><\/p>&mdash; Zona Roja Oaxaca (@Zona_Roja_Oax) <a href=\"https:\/\/twitter.com\/Zona_Roja_Oax\/status\/1456251175670587397?ref_src=twsrc%5Etfw\">4 de noviembre de 2021<\/a><\/blockquote><\/div>\n<\/div><\/figure>\n\n\n\n<p>Para lograrlo \u2013dijo- se acudi\u00f3 a un sistema de cooperaci\u00f3n entre los dos niveles de gobierno y los tres poderes del estado. El gobierno federal y el gobierno local proveyeron los recursos necesarios para la adecuaci\u00f3n de inmuebles en los que ser\u00e1n instalados cuatro juzgados y cuatro de conciliaci\u00f3n, de los cuales, dos estar\u00e1n en Santa Mar\u00eda Ixcotel, uno en Santa Mar\u00eda Huatulco y el \u00faltimo en Juchit\u00e1n de Zaragoza.<\/p>\n\n\n\n<p>Adem\u00e1s, el Poder Legislativo se encarg\u00f3 de la armonizaci\u00f3n normativa necesaria para operar el nuevo sistema y el Poder Ejecutivo encabez\u00f3 el comit\u00e9 de implementaci\u00f3n, coordin\u00f3 y dio seguimiento oportuno a las acciones pertinentes para la implementaci\u00f3n y el Poder Judicial ejecut\u00f3 la obra, instal\u00f3 tecnolog\u00eda de \u00faltima generaci\u00f3n y desarroll\u00f3 un cuidadoso proceso de formaci\u00f3n y selecci\u00f3n de los jueces y secretarios que a partir de hoy tendr\u00e1n la responsabilidad de operar el nuevo sistema.<\/p>\n\n\n\n<p>Posteriormente, en San Francisco Tanivet, perteneciente al municipio de Tlacolula de Matamoros, las autoridades inauguraron el Centro de Justicia \u201cMargarita Maza Parada\u201d, un espacio que requiri\u00f3 una inversi\u00f3n mixta de 162 millones 472 mil 367. 06 pesos en beneficio de un mill\u00f3n 107 mil 577 habitantes.<\/p>\n\n\n\n<p>El complejo arquitect\u00f3nico asentado en una superficie de terreno de 30 mil 613 metros cuadrados integra dos edificios para albergar instituciones como el Poder Judicial con un juzgado de control, un tribunal de enjuiciamiento, un juzgado de ejecuci\u00f3n, cinco juzgados penales y un juzgado civil.<\/p>\n\n\n\n<p>Adem\u00e1s de la Fiscal\u00eda General del Estado de Oaxaca (FGEO), la Agencia Estatal de Investigaciones, la Unidad Pericial y para la atenci\u00f3n especializada de g\u00e9nero y menores, as\u00ed como para la Secretar\u00eda de Seguridad P\u00fablica (SSPO) mediante la polic\u00eda estatal y la Unidad de Medidas Cautelares, aunado a una defensor\u00eda de oficio.<\/p>\n\n\n\n<p>&nbsp;Asimismo, el mandatario oaxaque\u00f1o dio a conocer que este edificio ya est\u00e1 auditado el 100% delos recursos que se utilizaron en un compromiso de las instituciones de Oaxaca con la transparencia y la rendici\u00f3n de cuentas.<\/p>\n\n\n\n<p>Cabe se\u00f1alar que el 18 de junio de 2008 se public\u00f3 en el Diario Oficial de la Federaci\u00f3n el decreto por el que se reforman y adicionan diversas disposiciones de la Constituci\u00f3n Pol\u00edtica de los Estados Unidos Mexicanos en materia de seguridad p\u00fablica y justicia penal, mediante el cual se establecen las bases del Sistema de Justicia Penal de la Rep\u00fablica Mexicana.<\/p>\n\n\n\n<p>El proyecto general integra la edificaci\u00f3n de 25 centros de justicia ubicados en cada uno de los distritos judiciales. A la fecha se cuenta con nueve centros de justicia en: Miahuatl\u00e1n, Sola de Vega, Huajuapan, Tuxtepec, El Espinal, Ejutla, Putla, Ixtl\u00e1n y ahora, Tanivet.<\/p>\n","protected":false},"excerpt":{"rendered":"<p>Redacci\u00f3n\/Zona Roja. Oaxaca de Ju\u00e1rez, Oax., 4 de noviembre de 2021.- Titulares de los poderes&hellip;<\/p>\n","protected":false},"author":2,"featured_media":33896,"comment_status":"closed","ping_status":"open","sticky":false,"template":"","format":"standard","meta":{"_lmt_disableupdate":"","_lmt_disable":"","_jetpack_memberships_contains_paid_content":false,"footnotes":""},"categories":[109,46],"tags":[173],"class_list":["post-33895","post","type-post","status-publish","format-standard","has-post-thumbnail","hentry","category-minuto-a-minuto","category-zona-blanca","tag-alejandro-murat-hinojosa"],"jetpack_featured_media_url":"https:\/\/zonaroja.com.mx\/wp-content\/uploads\/2021\/11\/Oaxaca-se-moderniza-para-mejorar-el-acceso-a-una-justicia-pronta-y-expedita-4.jpeg","jetpack_sharing_enabled":true,"_links":{"self":[{"href":"https:\/\/zonaroja.com.mx\/index.php?rest_route=\/wp\/v2\/posts\/33895","targetHints":{"allow":["GET"]}}],"collection":[{"href":"https:\/\/zonaroja.com.mx\/index.php?rest_route=\/wp\/v2\/posts"}],"about":[{"href":"https:\/\/zonaroja.com.mx\/index.php?rest_route=\/wp\/v2\/types\/post"}],"author":[{"embeddable":true,"href":"https:\/\/zonaroja.com.mx\/index.php?rest_route=\/wp\/v2\/users\/2"}],"replies":[{"embeddable":true,"href":"https:\/\/zonaroja.com.mx\/index.php?rest_route=%2Fwp%2Fv2%2Fcomments&post=33895"}],"version-history":[{"count":1,"href":"https:\/\/zonaroja.com.mx\/index.php?rest_route=\/wp\/v2\/posts\/33895\/revisions"}],"predecessor-version":[{"id":33897,"href":"https:\/\/zonaroja.com.mx\/index.php?rest_route=\/wp\/v2\/posts\/33895\/revisions\/33897"}],"wp:featuredmedia":[{"embeddable":true,"href":"https:\/\/zonaroja.com.mx\/index.php?rest_route=\/wp\/v2\/media\/33896"}],"wp:attachment":[{"href":"https:\/\/zonaroja.com.mx\/index.php?rest_route=%2Fwp%2Fv2%2Fmedia&parent=33895"}],"wp:term":[{"taxonomy":"category","embeddable":true,"href":"https:\/\/zonaroja.com.mx\/index.php?rest_route=%2Fwp%2Fv2%2Fcategories&post=33895"},{"taxonomy":"post_tag","embeddable":true,"href":"https:\/\/zonaroja.com.mx\/index.php?rest_route=%2Fwp%2Fv2%2Ftags&post=33895"}],"curies":[{"name":"wp","href":"https:\/\/api.w.org\/{rel}","templated":true}]}}