{"id":33898,"date":"2021-11-04T07:40:15","date_gmt":"2021-11-04T13:40:15","guid":{"rendered":"http:\/\/www.zonaroja.com.mx\/?p=33898"},"modified":"2021-11-04T07:40:18","modified_gmt":"2021-11-04T13:40:18","slug":"fortalece-el-ieepo-prevencion-y-atencion-de-la-violencia-escolar","status":"publish","type":"post","link":"https:\/\/zonaroja.com.mx\/?p=33898","title":{"rendered":"Fortalece el IEEPO prevenci\u00f3n y atenci\u00f3n de la violencia escolar"},"content":{"rendered":"\n<p>Redacci\u00f3n\/Zona Roja.<\/p>\n\n\n\n<p>Oaxaca de Ju\u00e1rez, Oax., 4 de noviembre de 2021.- Para salvaguardar y proteger los derechos humanos de ni\u00f1as, ni\u00f1os y adolescentes, el Instituto Estatal de Educaci\u00f3n P\u00fablica de Oaxaca (IEEPO), que dirige Francisco \u00c1ngel Villarreal, a trav\u00e9s de la Direcci\u00f3n para la Atenci\u00f3n de los Derechos Humanos, realiza acciones de atenci\u00f3n y seguimiento a presuntas quejas en las que se vulneran las garant\u00edas de los menores de edad en las escuelas de educaci\u00f3n b\u00e1sica de la entidad.<\/p>\n\n\n\n<p>Mediante estrategias de resoluci\u00f3n de conflicto, mediaci\u00f3n y seguimiento estrat\u00e9gico se ha logrado establecer una vinculaci\u00f3n efectiva e inmediata entre el IEEPO con la Defensor\u00eda de los Derechos Humanos del Pueblo de Oaxaca (DDHPO), instancia que tutela los derechos humanos en la entidad y con la que se establecen los mecanismos para tramitar y dar atenci\u00f3n a cada una de las quejas derivadas por posibles violaciones de las garant\u00edas de la ni\u00f1ez y la adolescencia.<\/p>\n\n\n\n<p>La directora para la Atenci\u00f3n de los Derechos Humanos del IEEPO, Marlene Aldeco Reyes, destac\u00f3 que el Director General del IEEPO, impulsa este trabajo coordinado con la Defensor\u00eda y las diferentes \u00e1reas del propio Instituto, principalmente con los niveles educativos, el cual ha tenido como resultado la disminuci\u00f3n de las quejas en el tema de violencia escolar.<\/p>\n\n\n\n<p>En dicho sentido, a partir del a\u00f1o 2017, se hab\u00edan presentado 92 quejas por violencia escolar; mientras que en los a\u00f1os subsecuentes hab\u00eda un n\u00famero de 83, 89, 22 y 4 quejas en los a\u00f1os 2018, 2019, 2020 y 2021 respectivamente. Cabe destacar que un factor principal es el hecho de que no hay actividades presenciales, sin embargo, tambi\u00e9n se debe a que poco a poco se ha avanzado en una cultura de respeto y pleno ejercicio de los derechos humanos.<\/p>\n\n\n\n<p>Se\u00f1al\u00f3 que el trabajo que se ha realizado en materia de capacitaci\u00f3n y formaci\u00f3n en los temas de derechos humanos vinculado a la prevenci\u00f3n de la violencia escolar ha tenido un impacto favorable, ahora el personal educativo cuenta con materiales y herramientas para la actuaci\u00f3n como son los manuales en materia de Discriminaci\u00f3n, Violencia Escolar, Violencia Sexual y Portaci\u00f3n de Armas y Drogas, as\u00ed como la atenci\u00f3n a poblaci\u00f3n infantil migrante y en situaci\u00f3n de trabajo infantil.<\/p>\n\n\n\n<p>Lo anterior contribuye a que las comunidades educativas, en cualquier contexto, puedan prevenir y atender los casos de violencia que se puedan presentar, con la finalidad de hacerlas m\u00e1s fuertes y mejor organizadas para que la ni\u00f1ez y la adolescencia ejerza plenamente su derecho a la educaci\u00f3n en un clima de paz y seguridad, tal y como lo establece el gobernador Alejandro Murat Hinojosa.<\/p>\n","protected":false},"excerpt":{"rendered":"<p>Redacci\u00f3n\/Zona Roja. Oaxaca de Ju\u00e1rez, Oax., 4 de noviembre de 2021.- Para salvaguardar y proteger&hellip;<\/p>\n","protected":false},"author":2,"featured_media":4039,"comment_status":"closed","ping_status":"open","sticky":false,"template":"","format":"standard","meta":{"_lmt_disableupdate":"","_lmt_disable":"","_jetpack_memberships_contains_paid_content":false,"footnotes":""},"categories":[109,46],"tags":[2837],"class_list":["post-33898","post","type-post","status-publish","format-standard","has-post-thumbnail","hentry","category-minuto-a-minuto","category-zona-blanca","tag-instituto-estatal-de-educacion-publica-de-oaxaca-ieepo"],"jetpack_featured_media_url":"https:\/\/zonaroja.com.mx\/wp-content\/uploads\/2019\/09\/Escuela-alumnos.jpg","jetpack_sharing_enabled":true,"_links":{"self":[{"href":"https:\/\/zonaroja.com.mx\/index.php?rest_route=\/wp\/v2\/posts\/33898","targetHints":{"allow":["GET"]}}],"collection":[{"href":"https:\/\/zonaroja.com.mx\/index.php?rest_route=\/wp\/v2\/posts"}],"about":[{"href":"https:\/\/zonaroja.com.mx\/index.php?rest_route=\/wp\/v2\/types\/post"}],"author":[{"embeddable":true,"href":"https:\/\/zonaroja.com.mx\/index.php?rest_route=\/wp\/v2\/users\/2"}],"replies":[{"embeddable":true,"href":"https:\/\/zonaroja.com.mx\/index.php?rest_route=%2Fwp%2Fv2%2Fcomments&post=33898"}],"version-history":[{"count":1,"href":"https:\/\/zonaroja.com.mx\/index.php?rest_route=\/wp\/v2\/posts\/33898\/revisions"}],"predecessor-version":[{"id":33899,"href":"https:\/\/zonaroja.com.mx\/index.php?rest_route=\/wp\/v2\/posts\/33898\/revisions\/33899"}],"wp:featuredmedia":[{"embeddable":true,"href":"https:\/\/zonaroja.com.mx\/index.php?rest_route=\/wp\/v2\/media\/4039"}],"wp:attachment":[{"href":"https:\/\/zonaroja.com.mx\/index.php?rest_route=%2Fwp%2Fv2%2Fmedia&parent=33898"}],"wp:term":[{"taxonomy":"category","embeddable":true,"href":"https:\/\/zonaroja.com.mx\/index.php?rest_route=%2Fwp%2Fv2%2Fcategories&post=33898"},{"taxonomy":"post_tag","embeddable":true,"href":"https:\/\/zonaroja.com.mx\/index.php?rest_route=%2Fwp%2Fv2%2Ftags&post=33898"}],"curies":[{"name":"wp","href":"https:\/\/api.w.org\/{rel}","templated":true}]}}