{"id":33900,"date":"2021-11-04T07:48:13","date_gmt":"2021-11-04T13:48:13","guid":{"rendered":"http:\/\/www.zonaroja.com.mx\/?p=33900"},"modified":"2021-11-04T07:48:17","modified_gmt":"2021-11-04T13:48:17","slug":"con-trasfondo-agrario-y-de-defensa-de-recursos-naturales-violencia-en-atatlahuaca","status":"publish","type":"post","link":"https:\/\/zonaroja.com.mx\/?p=33900","title":{"rendered":"Con trasfondo agrario y de defensa de recursos naturales, violencia en Atatlahuaca"},"content":{"rendered":"\n<p>Evlin Arag\u00f3n\/Zona Roja.<\/p>\n\n\n\n<p>Oaxaca de Ju\u00e1rez, Oax., 4 de noviembre de 2021.- Un conflicto agrario a\u00f1ejo y la sobreexplotaci\u00f3n de los recursos naturales, son parte de los hechos que han derivado en la violencia que se vive actualmente en el municipio de San Esteban Atatlahuaca y que recientemente dej\u00f3 una persona fallecida, al menos cuatro personas desaparecidas, 120 viviendas quemadas y un aproximado de 300 personas desplazadas.<\/p>\n\n\n\n<p>As\u00ed lo dio a conocer Valeriano Ria\u00f1o, comunero de la zona, quien relat\u00f3 que el conflicto agrario data de 1880 en la zona, raz\u00f3n por la que ha sido muy complicado resolverlo a favor de las comunidades que argumentan, con documento en mano, contar con la propiedad de su territorio.<\/p>\n\n\n\n<p>\u201cEn el fondo es un asunto agrario porque hay un territorio dentro de lo que marca la&nbsp; Resoluci\u00f3n Presidencial de Atatlahuaca que corresponde a las tres comunidades\u201d, dijo durante su reciente presencia en la ciudad de Oaxaca.<\/p>\n\n\n\n<p>En este sentido, detall\u00f3 que hay actas que refieren que en la d\u00e9cada de los 40, las comunidades Mier y Ter\u00e1n, Guerrero Grande, y Ndoyonoyuji se separaron del municipio, junto con su territorio; situaci\u00f3n que cambi\u00f3 en 1972 cuando por acuerdo deciden integrarse siempre y cuando se respete la pertenec\u00eda de sus tierras.<\/p>\n\n\n\n<p>Lo anterior no fue cumplido a cabalidad en la resoluci\u00f3n de 1982, lo que dio origen a la pugna ya que la autoridade de Atatlahuaca argumentaba que no existia documento que avalara el acuerdo previo.<\/p>\n\n\n\n<p>Fue hasta el 2018 que se encontr\u00f3 un documento en el Archivo General de la Naci\u00f3n que hace referencia de la existencia previa de las tres comunidades y la asignaci\u00f3n de su territorio por parte del Estado Mexicano.<\/p>\n\n\n\n<p>Al conflicto agrario se suma la explotaci\u00f3n indiscriminada de los recursos naturales autorizada por la autoridad municipal y la ac\u00e9rrima defensa del territorio por parte de sus pobladores, quienes saben que es el bosque el que le da vida a su comunidad y a las dem\u00e1s cercanas.<\/p>\n\n\n\n<p>\u201cDesde 1949 hay telegramas dirigidos al Gobernador del Estado para parar la explotaci\u00f3n forestal en esa zona. Las tres comunidades se unen y defienden los bosques. Incluso en el a\u00f1o 52 lograron expulsar un aserrado autorizado por la autoridad municipal\u201d, relat\u00f3.<\/p>\n\n\n\n<p>La uni\u00f3n de las tres comunidades, hoy v\u00edctimas de la violencia, se ha mantenido para defender sus recursos naturales, prueba de ello es que, en 1978, lograron sacar de la zona otro aserradero instalado dos a\u00f1os atr\u00e1s; al igual que en 2001, y tras siete a\u00f1os de lucha, consiguieron expulsar a la empresa de Aquiles Robles, encargada de la tala de \u00e1rboles, bajo la protecci\u00f3n del Comisariado Municipal, Eulogio Ribera.<\/p>\n\n\n\n<p>Las y los pobladores tambi\u00e9n se han opuesto a la sobre explotaci\u00f3n de un tipo de hongo sumamente codiciado por empresas japonesas, mismas que han arribado a la zona para apoderarse de la riqueza natural con la que cuentan.<\/p>\n\n\n\n<p>Por ello y con la intenci\u00f3n de realizar una explotaci\u00f3n sustentable, hace algunos a\u00f1os se instal\u00f3 un aserradero \u201ccomunitario\u201d mismo que tuvo como resultado irregularidades econ\u00f3micas en beneficio de los administradores y en perjuicio de las comunidades que, hoy en d\u00eda y pese a todo, mantienen la defensa de su territorio, a un muy alto costo como lo es la p\u00e9rdida de vidas humanas y su patrimonio.<\/p>\n","protected":false},"excerpt":{"rendered":"<p>Evlin Arag\u00f3n\/Zona Roja. Oaxaca de Ju\u00e1rez, Oax., 4 de noviembre de 2021.- Un conflicto agrario&hellip;<\/p>\n","protected":false},"author":2,"featured_media":33901,"comment_status":"closed","ping_status":"open","sticky":false,"template":"","format":"standard","meta":{"_lmt_disableupdate":"","_lmt_disable":"","_jetpack_memberships_contains_paid_content":false,"footnotes":""},"categories":[109,47],"tags":[1025],"class_list":["post-33900","post","type-post","status-publish","format-standard","has-post-thumbnail","hentry","category-minuto-a-minuto","category-zona-gris","tag-san-esteban-atatlahuca"],"jetpack_featured_media_url":"https:\/\/zonaroja.com.mx\/wp-content\/uploads\/2021\/11\/Violencia-Atatlahuca-incendios.jpg","jetpack_sharing_enabled":true,"_links":{"self":[{"href":"https:\/\/zonaroja.com.mx\/index.php?rest_route=\/wp\/v2\/posts\/33900","targetHints":{"allow":["GET"]}}],"collection":[{"href":"https:\/\/zonaroja.com.mx\/index.php?rest_route=\/wp\/v2\/posts"}],"about":[{"href":"https:\/\/zonaroja.com.mx\/index.php?rest_route=\/wp\/v2\/types\/post"}],"author":[{"embeddable":true,"href":"https:\/\/zonaroja.com.mx\/index.php?rest_route=\/wp\/v2\/users\/2"}],"replies":[{"embeddable":true,"href":"https:\/\/zonaroja.com.mx\/index.php?rest_route=%2Fwp%2Fv2%2Fcomments&post=33900"}],"version-history":[{"count":1,"href":"https:\/\/zonaroja.com.mx\/index.php?rest_route=\/wp\/v2\/posts\/33900\/revisions"}],"predecessor-version":[{"id":33902,"href":"https:\/\/zonaroja.com.mx\/index.php?rest_route=\/wp\/v2\/posts\/33900\/revisions\/33902"}],"wp:featuredmedia":[{"embeddable":true,"href":"https:\/\/zonaroja.com.mx\/index.php?rest_route=\/wp\/v2\/media\/33901"}],"wp:attachment":[{"href":"https:\/\/zonaroja.com.mx\/index.php?rest_route=%2Fwp%2Fv2%2Fmedia&parent=33900"}],"wp:term":[{"taxonomy":"category","embeddable":true,"href":"https:\/\/zonaroja.com.mx\/index.php?rest_route=%2Fwp%2Fv2%2Fcategories&post=33900"},{"taxonomy":"post_tag","embeddable":true,"href":"https:\/\/zonaroja.com.mx\/index.php?rest_route=%2Fwp%2Fv2%2Ftags&post=33900"}],"curies":[{"name":"wp","href":"https:\/\/api.w.org\/{rel}","templated":true}]}}