{"id":3391,"date":"2019-08-25T19:13:28","date_gmt":"2019-08-26T00:13:28","guid":{"rendered":"http:\/\/www.zonaroja.com.mx\/?p=3391"},"modified":"2019-08-25T19:13:30","modified_gmt":"2019-08-26T00:13:30","slug":"emergen-dos-nuevos-carteles-del-crimen-uno-de-ellos-en-oaxaca","status":"publish","type":"post","link":"https:\/\/zonaroja.com.mx\/?p=3391","title":{"rendered":"Emergen dos nuevos c\u00e1rteles del crimen, uno de ellos en Oaxaca"},"content":{"rendered":"\n<p>Redacci\u00f3n\/Zona\nRoja Cdmx.<\/p>\n\n\n\n<p>Ciudad de\nM\u00e9xico, 25 de agosto de 2019.- Dos nuevos c\u00e1rteles del crimen organizado\nsurgieron en la Rep\u00fablica Mexicana, uno de los cuales se estableci\u00f3 en el sur\ndel pa\u00eds. <\/p>\n\n\n\n<p>\u201cUno de\nellos es de Oaxaca (\u2018C\u00e1rtel Oaxaca\u2019), mientras que el otro (\u2018Nueva Plaza\u2019) parece\nser una escisi\u00f3n del poderoso y ramificado C\u00e1rtel Jalisco Nueva Generaci\u00f3n, que\ndirige Nemesio Oseguera, alias \u2018El Mencho\u2019.<\/p>\n\n\n\n<p>\u201cLos dos\nnacieron con amenazas a otras fuerzas armadas del pa\u00eds. Los dos se dieron a\nconocer p\u00fablicamente en videos en los que muestran armas de grueso calibre,\nchalecos antibalas y una formaci\u00f3n paramilitar\u201d, de acuerdo con el reportaje\npublicado en el sitio <a href=\"http:\/\/www.sinembargo.mx\">www.sinembargo.mx<\/a>.<\/p>\n\n\n\n<p>Expone que,\nmediante varios videos difundidos en redes sociales, integrantes del C\u00e1rtel \u201cNueva\nPlaza\u201d, encapuchados y vestidos con uniformes negros con las siglas NP,\nhicieron un recuento de las traiciones que ha sufrido el C\u00e1rtel Jalisco Nueva\nGeneraci\u00f3n (CJNG) e invit\u00f3 a sus miembros unirse a ellos.<\/p>\n\n\n\n<p>CASO OAXACA<\/p>\n\n\n\n<p>Del otro\ncaso, a\u00f1ade que a trav\u00e9s de un video que circula en redes sociales, un presunto\ngrupo del narcotr\u00e1fico que se hace llamar C\u00e1rtel de Oaxaca (CDO) amenaz\u00f3 con\nm\u00e1s ejecuciones en la regi\u00f3n ubicada al sur de M\u00e9xico.<\/p>\n\n\n\n<p>En las\nescenas, los supuestos delincuentes advierten que limpiar\u00e1n de \u201cchapulines y\ntraidores\u201d la zona de Valles Centrales, que abarca a los municipios de\nTlacolula, Santa Ana del Valle, San Juan Guelav\u00eda, Teotitl\u00e1n del Valle,\nLachigol\u00f3 y Tlalixtac, todos ubicados en el estado de Oaxaca.<\/p>\n\n\n\n<p>En el video\nse puede observar a un hombre a quien mantienen atado de las manos y con ropa\ncubri\u00e9ndole el rostro, quien responde las preguntas de uno de los sicarios del\nC\u00e1rtel de Oaxaca.<\/p>\n\n\n\n<p>\u201cEste\nmensaje va para todos los chapulines hijos de su puta madre de Tlacolula, ya\nestamos aqu\u00ed y vamos a tumbar a todos los lacras y chapulines de esta regi\u00f3n\u201d,\nse escucha a uno de los encapuchados.<\/p>\n\n\n\n<p>Los sujetos\ncortan el video apuntando a la cabeza del hombre que aparece arrodillado. Hasta\nel momento se desconoce su identidad, sin embargo, los sujetos se identifican\ncomo miembros del C\u00e1rtel de Oaxaca.<\/p>\n\n\n\n<p>El reportaje\ncompleto y los videos se pueden ver aqu\u00ed:<\/p>\n\n\n\n<p><a href=\"https:\/\/www.sinembargo.mx\/25-08-2019\/3634624\">https:\/\/www.sinembargo.mx\/25-08-2019\/3634624<\/a><\/p>\n","protected":false},"excerpt":{"rendered":"<p>Redacci\u00f3n\/Zona Roja Cdmx. Ciudad de M\u00e9xico, 25 de agosto de 2019.- Dos nuevos c\u00e1rteles del&hellip;<\/p>\n","protected":false},"author":2,"featured_media":3392,"comment_status":"closed","ping_status":"open","sticky":false,"template":"","format":"standard","meta":{"_lmt_disableupdate":"","_lmt_disable":"","_jetpack_memberships_contains_paid_content":false,"footnotes":""},"categories":[109,51],"tags":[620],"class_list":["post-3391","post","type-post","status-publish","format-standard","has-post-thumbnail","hentry","category-minuto-a-minuto","category-zona-roja","tag-cartel-oaxaca"],"jetpack_featured_media_url":"https:\/\/zonaroja.com.mx\/wp-content\/uploads\/2019\/08\/IMG_1469.jpg","jetpack_sharing_enabled":true,"_links":{"self":[{"href":"https:\/\/zonaroja.com.mx\/index.php?rest_route=\/wp\/v2\/posts\/3391","targetHints":{"allow":["GET"]}}],"collection":[{"href":"https:\/\/zonaroja.com.mx\/index.php?rest_route=\/wp\/v2\/posts"}],"about":[{"href":"https:\/\/zonaroja.com.mx\/index.php?rest_route=\/wp\/v2\/types\/post"}],"author":[{"embeddable":true,"href":"https:\/\/zonaroja.com.mx\/index.php?rest_route=\/wp\/v2\/users\/2"}],"replies":[{"embeddable":true,"href":"https:\/\/zonaroja.com.mx\/index.php?rest_route=%2Fwp%2Fv2%2Fcomments&post=3391"}],"version-history":[{"count":1,"href":"https:\/\/zonaroja.com.mx\/index.php?rest_route=\/wp\/v2\/posts\/3391\/revisions"}],"predecessor-version":[{"id":3393,"href":"https:\/\/zonaroja.com.mx\/index.php?rest_route=\/wp\/v2\/posts\/3391\/revisions\/3393"}],"wp:featuredmedia":[{"embeddable":true,"href":"https:\/\/zonaroja.com.mx\/index.php?rest_route=\/wp\/v2\/media\/3392"}],"wp:attachment":[{"href":"https:\/\/zonaroja.com.mx\/index.php?rest_route=%2Fwp%2Fv2%2Fmedia&parent=3391"}],"wp:term":[{"taxonomy":"category","embeddable":true,"href":"https:\/\/zonaroja.com.mx\/index.php?rest_route=%2Fwp%2Fv2%2Fcategories&post=3391"},{"taxonomy":"post_tag","embeddable":true,"href":"https:\/\/zonaroja.com.mx\/index.php?rest_route=%2Fwp%2Fv2%2Ftags&post=3391"}],"curies":[{"name":"wp","href":"https:\/\/api.w.org\/{rel}","templated":true}]}}