{"id":33911,"date":"2021-11-04T16:02:33","date_gmt":"2021-11-04T22:02:33","guid":{"rendered":"http:\/\/www.zonaroja.com.mx\/?p=33911"},"modified":"2021-11-04T16:36:17","modified_gmt":"2021-11-04T22:36:17","slug":"llegan-sones-de-ayutla-mixe-a-la-ciudad-de-mexico","status":"publish","type":"post","link":"https:\/\/zonaroja.com.mx\/?p=33911","title":{"rendered":"Llegan sones de Ayutla Mixe a la Ciudad de M\u00e9xico"},"content":{"rendered":"\n<p>Evlin Arag\u00f3n\/Zona Roja.<\/p>\n\n\n\n<p>Oaxaca de Ju\u00e1rez, Oax., 4 de noviembre de 2021.- Los sones de la zona Mixe de Oaxaca arribaron este jueves a la capital del pa\u00eds, de la mano del Conjunto Tradicional de Cuerdas de San Pedro y San Pablo Ayutla, \u201cTukyo\u2019m\u201d.<\/p>\n\n\n\n<p>As\u00ed lo dio a conocer a trav\u00e9s de sus redes sociales el activista Joaqu\u00edn Galv\u00e1n, quien dej\u00f3 ver a la agrupaci\u00f3n conformada por hombres adultos mayores, en su mayor\u00eda, quienes, con mandolina, viol\u00edn y guitarra en mano, interpretaron una pieza musical.<\/p>\n\n\n\n<p>Los m\u00fasicos mixes arribaron a la Ciudad de M\u00e9xico toda vez que amenizar\u00e1n los Premios Nezahualc\u00f3yotl 2021, que promueven la creaci\u00f3n literaria en lenguas ind\u00edgenas y cuyo acto protocolario se llevar\u00e1 a cabo este jueves en el Museo Nacional de las Culturas Populares.<\/p>\n\n\n\n<p>\u201cYa lleg\u00f3, ya est\u00e1 aqu\u00ed, en Ciudad de M\u00e9xico, Conjunto de Cuerdas de San Pedro y San Pablo Ayutla Mixe \u2018Tukyo\u2019m\u2019. Estamos muy contentos porque el d\u00eda de hoy es la participaci\u00f3n en los Premios Nezahualc\u00f3yotl 2021\u201d, dijo el joven activista. <\/p>\n\n\n\n<p><div class=\"twitter-tweet\"><blockquote class=\"twitter-tweet\" data-lang=\"es\"><p lang=\"es\" dir=\"ltr\">\u00a1El conjunto tradicional de cuerdas de Ayutla Tukyo\u2019m estar\u00e1 presente hoy en la entrega del <a href=\"https:\/\/twitter.com\/hashtag\/PremioNezahualc%C3%B3yotl?src=hash&amp;ref_src=twsrc%5Etfw\">#PremioNezahualc\u00f3yotl<\/a>! <br><br>\ud83d\udccc 18:00 h en el <a href=\"https:\/\/twitter.com\/MNCP_DGCP?ref_src=twsrc%5Etfw\">@MNCP_DGCP<\/a> <a href=\"https:\/\/t.co\/2UAWapub1y\">https:\/\/t.co\/2UAWapub1y<\/a><\/p>&mdash; Culturas Populares (@dgcpopulares) <a href=\"https:\/\/twitter.com\/dgcpopulares\/status\/1456375031156576262?ref_src=twsrc%5Etfw\">4 de noviembre de 2021<\/a><\/blockquote><\/div><\/p>\n\n\n\n<p>Seg\u00fan explic\u00f3, las agrupaciones t\u00edpicas de viento o tradicionales de cuerda, no s\u00f3lo son un elemento importante para la cultura en la zona Mixe, sino que heredan y resguardan piezas muy antiguas de sones, a los cuales van incorporando nuevos estilos musicales.<\/p>\n\n\n\n<p>Pese a lo anterior, son las menos apoyadas y con ello las que presentan un mayor riesgo de desaparecer, de ah\u00ed que su presencia en la Ciudad de M\u00e9xico sirva como aliciente para sus integrantes quienes hacen grandes esfuerzos propios y autogestivos para sobrevivir.&nbsp;<\/p>\n\n\n\n<p>\u201cSe trata de un importante y merecidos reconocimiento a la tradici\u00f3n musical de cuerdas de Ayutla y a los integrantes del conjunto t\u00edpico \u2018Tukyo\u2019m\u2019\u201d, manifest\u00f3.&nbsp;<\/p>\n\n\n\n<p>Adem\u00e1s, en honor a su trayectoria y preservaci\u00f3n de la m\u00fasica tradicional de cuerdas Ayuujk, la agrupaci\u00f3n tambi\u00e9n grabar\u00e1 un material musical en conjunto con Radio UNAM.<\/p>\n\n\n\n<p>\u201cEl conjunto tradicional de cuerdas de Ayutla ser\u00e1 amenizador de los premios Nezahualc\u00f3yotl y @RadioUNAM grabar\u00e1 un material en honor a su trayectoria y preservaci\u00f3n de la m\u00fasica tradicional de cuerdas Ayuujk\u201d, refiri\u00f3.<\/p>\n","protected":false},"excerpt":{"rendered":"<p>Evlin Arag\u00f3n\/Zona Roja. Oaxaca de Ju\u00e1rez, Oax., 4 de noviembre de 2021.- Los sones de&hellip;<\/p>\n","protected":false},"author":2,"featured_media":33912,"comment_status":"closed","ping_status":"open","sticky":false,"template":"","format":"standard","meta":{"_lmt_disableupdate":"","_lmt_disable":"","_jetpack_memberships_contains_paid_content":false,"footnotes":""},"categories":[109,46],"tags":[501],"class_list":["post-33911","post","type-post","status-publish","format-standard","has-post-thumbnail","hentry","category-minuto-a-minuto","category-zona-blanca","tag-san-pedro-y-san-pablo-ayutla-mixe"],"jetpack_featured_media_url":"https:\/\/zonaroja.com.mx\/wp-content\/uploads\/2021\/11\/Conjunto-de-cuerdas-Ayutla-Mixe.jpg","jetpack_sharing_enabled":true,"_links":{"self":[{"href":"https:\/\/zonaroja.com.mx\/index.php?rest_route=\/wp\/v2\/posts\/33911","targetHints":{"allow":["GET"]}}],"collection":[{"href":"https:\/\/zonaroja.com.mx\/index.php?rest_route=\/wp\/v2\/posts"}],"about":[{"href":"https:\/\/zonaroja.com.mx\/index.php?rest_route=\/wp\/v2\/types\/post"}],"author":[{"embeddable":true,"href":"https:\/\/zonaroja.com.mx\/index.php?rest_route=\/wp\/v2\/users\/2"}],"replies":[{"embeddable":true,"href":"https:\/\/zonaroja.com.mx\/index.php?rest_route=%2Fwp%2Fv2%2Fcomments&post=33911"}],"version-history":[{"count":2,"href":"https:\/\/zonaroja.com.mx\/index.php?rest_route=\/wp\/v2\/posts\/33911\/revisions"}],"predecessor-version":[{"id":33914,"href":"https:\/\/zonaroja.com.mx\/index.php?rest_route=\/wp\/v2\/posts\/33911\/revisions\/33914"}],"wp:featuredmedia":[{"embeddable":true,"href":"https:\/\/zonaroja.com.mx\/index.php?rest_route=\/wp\/v2\/media\/33912"}],"wp:attachment":[{"href":"https:\/\/zonaroja.com.mx\/index.php?rest_route=%2Fwp%2Fv2%2Fmedia&parent=33911"}],"wp:term":[{"taxonomy":"category","embeddable":true,"href":"https:\/\/zonaroja.com.mx\/index.php?rest_route=%2Fwp%2Fv2%2Fcategories&post=33911"},{"taxonomy":"post_tag","embeddable":true,"href":"https:\/\/zonaroja.com.mx\/index.php?rest_route=%2Fwp%2Fv2%2Ftags&post=33911"}],"curies":[{"name":"wp","href":"https:\/\/api.w.org\/{rel}","templated":true}]}}