{"id":33924,"date":"2021-11-04T21:50:58","date_gmt":"2021-11-05T03:50:58","guid":{"rendered":"http:\/\/www.zonaroja.com.mx\/?p=33924"},"modified":"2021-11-04T22:25:33","modified_gmt":"2021-11-05T04:25:33","slug":"detencion-de-diputado-oaxaqueno-y-su-hijo-desata-bloqueos-en-la-cuenca","status":"publish","type":"post","link":"https:\/\/zonaroja.com.mx\/?p=33924","title":{"rendered":"Detenci\u00f3n de diputado oaxaque\u00f1o y su hijo desata bloqueos en la Cuenca"},"content":{"rendered":"\n<p>Redacci\u00f3n\/Zona Roja.<\/p>\n\n\n\n<p>Oaxaca de Ju\u00e1rez, Oax., 4 de noviembre de 2021.- La presunta detenci\u00f3n del diputado oaxaque\u00f1o Gustavo D\u00edaz S\u00e1nchez y su hijo Jos\u00e9 Alberto D. L., por la Fuerza Civil de Veracruz, desat\u00f3 bloqueos en al menos tres municipios de la regi\u00f3n Cuenca de esta entidad.<\/p>\n\n\n\n<p>Alrededor de las 17:00 horas, polic\u00edas veracruzanos habr\u00edan detenido en la localidad de El Fort\u00edn de las Flores a un grupo de j\u00f3venes, entre ellos el v\u00e1stago del legislador por el PRI, quien est\u00e1 a punto de concluir su representaci\u00f3n en la 64 Legislatura.<\/p>\n\n\n\n<p>Supuestamente habr\u00edan cruzado de Cosolapa, Oaxaca, hacia Tezonapa,&nbsp; Veracruz, y habr\u00edan cometido alg\u00fan delito, por lo cual fueron aprehendidos; sin embargo, la autoridad veracruzana no ha emitido ninguna informaci\u00f3n al respecto.<\/p>\n\n\n\n<p>Tras ello, Gustavo D\u00edaz acudi\u00f3 con su familia a buscar a su hijo, pero fue detenido tambi\u00e9n por la Fuerza Civil y privado de su libertad.<\/p>\n\n\n\n<figure class=\"wp-block-embed is-type-rich is-provider-twitter wp-block-embed-twitter\"><div class=\"wp-block-embed__wrapper\">\n<div class=\"twitter-tweet\"><blockquote class=\"twitter-tweet\" data-lang=\"es\"><p lang=\"es\" dir=\"ltr\"><a href=\"https:\/\/twitter.com\/hashtag\/%C3%9AltimoMinuto?src=hash&amp;ref_src=twsrc%5Etfw\">#\u00daltimoMinuto<\/a> <br>Confirman la detenci\u00f3n de Jos\u00e9 Alberto D\u00edaz, hijo de <a href=\"https:\/\/twitter.com\/Gustavo_DiazS?ref_src=twsrc%5Etfw\">@Gustavo_DiazS<\/a>, por parte de elementos de la Fuerza Civil de El Fort\u00edn <a href=\"https:\/\/twitter.com\/hashtag\/Veracruz?src=hash&amp;ref_src=twsrc%5Etfw\">#Veracruz<\/a>.<br>Cuando el legislador local de <a href=\"https:\/\/twitter.com\/hashtag\/Oaxaca?src=hash&amp;ref_src=twsrc%5Etfw\">#Oaxaca<\/a> fue retenido y a\u00fan no informan las razones. <a href=\"https:\/\/t.co\/VBZ9YWKJLt\">pic.twitter.com\/VBZ9YWKJLt<\/a><\/p>&mdash; Zona Roja Oaxaca (@Zona_Roja_Oax) <a href=\"https:\/\/twitter.com\/Zona_Roja_Oax\/status\/1456431033339957253?ref_src=twsrc%5Etfw\">5 de noviembre de 2021<\/a><\/blockquote><\/div>\n<\/div><\/figure>\n\n\n\n<p>A trav\u00e9s de la cuenta de Facebook del legislador, el trabajador del ayuntamiento de Cosolapa, que se identific\u00f3 como L\u00e1zaro Cruz Bustamante, dio a conocer la detenci\u00f3n y el acoso que sufr\u00edan en su camioneta, donde se hallaba la esposa del diputado, Aracely L\u00f3pez Madrigal.<\/p>\n\n\n\n<p>A cuatro horas de suscitados los hechos, no ha habido ninguna postura informaci\u00f3n del Gobierno del Estado de Oaxaca, como tampoco de la autoridad veracruzana.<\/p>\n\n\n\n<p>Mientras tanto, desde hace al menos dos horas iniciaron diversos bloqueos, uno de ellos en el puente \u201cCaracol\u201d de San Juan Bautista Tuxtepec, otro en Temascal y uno m\u00e1s en Cosolapa, por parte de seguidores de Gustavo D\u00edaz S\u00e1nchez.<\/p>\n","protected":false},"excerpt":{"rendered":"<p>Redacci\u00f3n\/Zona Roja. Oaxaca de Ju\u00e1rez, Oax., 4 de noviembre de 2021.- La presunta detenci\u00f3n del&hellip;<\/p>\n","protected":false},"author":2,"featured_media":33925,"comment_status":"closed","ping_status":"open","sticky":false,"template":"","format":"standard","meta":{"_lmt_disableupdate":"","_lmt_disable":"","_jetpack_memberships_contains_paid_content":false,"footnotes":""},"categories":[109,47],"tags":[671],"class_list":["post-33924","post","type-post","status-publish","format-standard","has-post-thumbnail","hentry","category-minuto-a-minuto","category-zona-gris","tag-gustavo-diaz-sanchez"],"jetpack_featured_media_url":"https:\/\/zonaroja.com.mx\/wp-content\/uploads\/2021\/11\/Bloqueo-Cuenca-Gustavo-Diaz.jpg","jetpack_sharing_enabled":true,"_links":{"self":[{"href":"https:\/\/zonaroja.com.mx\/index.php?rest_route=\/wp\/v2\/posts\/33924","targetHints":{"allow":["GET"]}}],"collection":[{"href":"https:\/\/zonaroja.com.mx\/index.php?rest_route=\/wp\/v2\/posts"}],"about":[{"href":"https:\/\/zonaroja.com.mx\/index.php?rest_route=\/wp\/v2\/types\/post"}],"author":[{"embeddable":true,"href":"https:\/\/zonaroja.com.mx\/index.php?rest_route=\/wp\/v2\/users\/2"}],"replies":[{"embeddable":true,"href":"https:\/\/zonaroja.com.mx\/index.php?rest_route=%2Fwp%2Fv2%2Fcomments&post=33924"}],"version-history":[{"count":3,"href":"https:\/\/zonaroja.com.mx\/index.php?rest_route=\/wp\/v2\/posts\/33924\/revisions"}],"predecessor-version":[{"id":33935,"href":"https:\/\/zonaroja.com.mx\/index.php?rest_route=\/wp\/v2\/posts\/33924\/revisions\/33935"}],"wp:featuredmedia":[{"embeddable":true,"href":"https:\/\/zonaroja.com.mx\/index.php?rest_route=\/wp\/v2\/media\/33925"}],"wp:attachment":[{"href":"https:\/\/zonaroja.com.mx\/index.php?rest_route=%2Fwp%2Fv2%2Fmedia&parent=33924"}],"wp:term":[{"taxonomy":"category","embeddable":true,"href":"https:\/\/zonaroja.com.mx\/index.php?rest_route=%2Fwp%2Fv2%2Fcategories&post=33924"},{"taxonomy":"post_tag","embeddable":true,"href":"https:\/\/zonaroja.com.mx\/index.php?rest_route=%2Fwp%2Fv2%2Ftags&post=33924"}],"curies":[{"name":"wp","href":"https:\/\/api.w.org\/{rel}","templated":true}]}}