{"id":33936,"date":"2021-11-05T07:07:49","date_gmt":"2021-11-05T13:07:49","guid":{"rendered":"http:\/\/www.zonaroja.com.mx\/?p=33936"},"modified":"2021-11-05T14:54:19","modified_gmt":"2021-11-05T20:54:19","slug":"recrudece-la-violencia-en-el-pais-quintana-roo-a-merced-del-hampa","status":"publish","type":"post","link":"https:\/\/zonaroja.com.mx\/?p=33936","title":{"rendered":"Entrega el IEEPO apoyos sin precedentes a internado de Reyes Mantec\u00f3n"},"content":{"rendered":"\n<p>Redacci\u00f3n\/Zona Roja.<\/p>\n\n\n\n<p>Oaxaca de Ju\u00e1rez, Oax., 5 de noviembre de 2021.- Sensible a la situaci\u00f3n de ni\u00f1as, ni\u00f1os y adolescentes en situaci\u00f3n de vulnerabilidad, con acciones hist\u00f3ricas sin precedentes y una inversi\u00f3n de m\u00e1s de un mill\u00f3n 283 mil pesos, la administraci\u00f3n del gobernador Alejandro Murat Hinojosa, a trav\u00e9s del Instituto Estatal de Educaci\u00f3n P\u00fablica (IEEPO) ha mejorado y atendido las solicitudes y necesidades de la Escuela Secundaria T\u00e9cnica 14, Internado Reyes Mantec\u00f3n, por el bienestar de quienes ah\u00ed cursan sus estudios.<\/p>\n\n\n\n<p>Entre los logros m\u00e1s significativos destaca un incremento del 33% por concepto de alimentaci\u00f3n, concretado en el a\u00f1o 2018, resultado de un ejercicio de reingenier\u00eda financiera realizado por el director general del&nbsp; IEEPO, Francisco \u00c1ngel Villarreal, y luego de 10 a\u00f1os en que no se autorizaba, hecho que tambi\u00e9n benefici\u00f3 a los Centros de Atenci\u00f3n Infantil (CAI&#8217;s), Centros de Integraci\u00f3n Social (CIS), la Escuela Normal Rural de Tamazulapan e internados de Primaria y Secundaria, como es el caso de este plantel.<\/p>\n\n\n\n<p>En el compromiso que ha mostrado el Mandatario Estatal con la educaci\u00f3n y el mejoramiento de las condiciones de estudio de las y los estudiantes para el a\u00f1o 2022 se har\u00e1 efectivo un nuevo incremento del 25% en el presupuesto de alimentaci\u00f3n, derivado de la eficiente administraci\u00f3n de los recursos humanos y presupuestales, aun cuando no se ha recibido incremento alguno en el presupuesto otorgado por la Federaci\u00f3n.<\/p>\n\n\n\n<p>Sobre la atenci\u00f3n brindada a la Escuela Secundaria T\u00e9cnica 14, con el fin de fortalecer los servicios educativos que se brindan a la comunidad estudiantil de este plantel, con m\u00e1s de 50 a\u00f1os de funcionamiento en la entidad, por instrucciones del director general del IEEPO y trav\u00e9s del ejercicio transparente de los recursos estatales, desde el a\u00f1o 2018 se ha llevado a cabo la dotaci\u00f3n gradual de mobiliario, equipo e insumos; adem\u00e1s de diferentes servicios como la fumigaci\u00f3n, mantenimiento y reparaci\u00f3n de veh\u00edculos.<\/p>\n\n\n\n<p>Por otra parte, al ser una instituci\u00f3n educativa que brinda servicios a adolescentes de escasos recursos econ\u00f3micos y en su mayor\u00eda originarios de comunidades ind\u00edgenas, quienes adem\u00e1s de las materias ordinarias asisten a talleres agropecuarios y clases de m\u00fasica, han sido entregados de manera progresiva, en los a\u00f1os 2018, 2019, 2020 y 2021,&nbsp; lotes de mobiliario, impresoras, proyectores, sillas, computadoras, mesas de trabajo, pizarrones y colchones, entre otros apoyos.<\/p>\n\n\n\n<p>En cuanto a los servicios de mantenimiento, el IEEPO dio atenci\u00f3n a la solicitud de reparaciones diversas a los diferentes veh\u00edculos con los que cuenta la escuela para su operaci\u00f3n, entre ellos un Ford Ranger 2012, Chevrolet 1994 y Mercedes Benz 2005.<\/p>\n\n\n\n<p>Derivado de la comunicaci\u00f3n respetuosa entre el Gobierno de M\u00e9xico y la administraci\u00f3n del gobernador Alejandro Murat Hinojosa, en la entidad la n\u00f3mina magisterial est\u00e1 garantizada al 100%, por lo cual, se cumple con las obligaciones de pago salarial a trabajadores de la educaci\u00f3n, como es el caso de quienes laboran para el Internado Reyes Mantec\u00f3n.<\/p>\n\n\n\n<p>Ante la solicitud que realiz\u00f3 el Director del Plantel el 25 de octubre pasado para reanudar los servicios educativos suspendidos por la pandemia por Covid-19, el IEEPO eval\u00faa la situaci\u00f3n y con el apoyo de los Servicio de Salud de Oaxaca (SSO) dictaminar\u00e1 la posibilidad del regreso de las y los alumnos, con las medidas que se consideren para evitar contagios.<\/p>\n","protected":false},"excerpt":{"rendered":"<p>Redacci\u00f3n\/Zona Roja. Oaxaca de Ju\u00e1rez, Oax., 5 de noviembre de 2021.- Sensible a la situaci\u00f3n&hellip;<\/p>\n","protected":false},"author":2,"featured_media":33937,"comment_status":"closed","ping_status":"open","sticky":false,"template":"","format":"standard","meta":{"_lmt_disableupdate":"","_lmt_disable":"","_jetpack_memberships_contains_paid_content":false,"footnotes":""},"categories":[109,46],"tags":[2837],"class_list":["post-33936","post","type-post","status-publish","format-standard","has-post-thumbnail","hentry","category-minuto-a-minuto","category-zona-blanca","tag-instituto-estatal-de-educacion-publica-de-oaxaca-ieepo"],"jetpack_featured_media_url":"https:\/\/zonaroja.com.mx\/wp-content\/uploads\/2021\/11\/01-IEEPO-2.jpg","jetpack_sharing_enabled":true,"_links":{"self":[{"href":"https:\/\/zonaroja.com.mx\/index.php?rest_route=\/wp\/v2\/posts\/33936","targetHints":{"allow":["GET"]}}],"collection":[{"href":"https:\/\/zonaroja.com.mx\/index.php?rest_route=\/wp\/v2\/posts"}],"about":[{"href":"https:\/\/zonaroja.com.mx\/index.php?rest_route=\/wp\/v2\/types\/post"}],"author":[{"embeddable":true,"href":"https:\/\/zonaroja.com.mx\/index.php?rest_route=\/wp\/v2\/users\/2"}],"replies":[{"embeddable":true,"href":"https:\/\/zonaroja.com.mx\/index.php?rest_route=%2Fwp%2Fv2%2Fcomments&post=33936"}],"version-history":[{"count":2,"href":"https:\/\/zonaroja.com.mx\/index.php?rest_route=\/wp\/v2\/posts\/33936\/revisions"}],"predecessor-version":[{"id":33952,"href":"https:\/\/zonaroja.com.mx\/index.php?rest_route=\/wp\/v2\/posts\/33936\/revisions\/33952"}],"wp:featuredmedia":[{"embeddable":true,"href":"https:\/\/zonaroja.com.mx\/index.php?rest_route=\/wp\/v2\/media\/33937"}],"wp:attachment":[{"href":"https:\/\/zonaroja.com.mx\/index.php?rest_route=%2Fwp%2Fv2%2Fmedia&parent=33936"}],"wp:term":[{"taxonomy":"category","embeddable":true,"href":"https:\/\/zonaroja.com.mx\/index.php?rest_route=%2Fwp%2Fv2%2Fcategories&post=33936"},{"taxonomy":"post_tag","embeddable":true,"href":"https:\/\/zonaroja.com.mx\/index.php?rest_route=%2Fwp%2Fv2%2Ftags&post=33936"}],"curies":[{"name":"wp","href":"https:\/\/api.w.org\/{rel}","templated":true}]}}