{"id":33939,"date":"2021-11-05T07:40:37","date_gmt":"2021-11-05T13:40:37","guid":{"rendered":"http:\/\/www.zonaroja.com.mx\/?p=33939"},"modified":"2021-11-05T07:40:40","modified_gmt":"2021-11-05T13:40:40","slug":"oaxaquena-gana-el-campeonato-panamericano-de-triatlon-para-mexico","status":"publish","type":"post","link":"https:\/\/zonaroja.com.mx\/?p=33939","title":{"rendered":"Oaxaque\u00f1a gana el Campeonato Panamericano de Triatl\u00f3n para M\u00e9xico"},"content":{"rendered":"\n<p>Redacci\u00f3n\/Zona Roja.<\/p>\n\n\n\n<p>Oaxaca de Ju\u00e1rez, Oax., 5 de noviembre de 2021.- Los triatletas oaxaque\u00f1os Cecilia Sayuri Ram\u00edrez Alavez y Ricardo Morales V\u00e1squez, tuvieron una destacada participaci\u00f3n en el Campeonato Panamericano de Triatl\u00f3n St. George, en Estados Unidos de Norteam\u00e9rica, destacando el campeonato de Cecilia dentro de su divisi\u00f3n, la sub 23.<\/p>\n\n\n\n<p>Cecilia le dio a M\u00e9xico el campeonato sub 23 al hacer un tiempo de dos horas, siete minutos y siete segundos, superando a Raquel Sol\u00eds de Costa Rica y Liberty Ricca, de Estados Unidos, por aproximadamente dos y cinco minutos, respectivamente.<\/p>\n\n\n\n<p>En la divisi\u00f3n \u00e9lite, la oaxaque\u00f1a se ubic\u00f3 en el tercer sitio, a menos de un minuto de Gina Sereno, de Estados Unidos, que hizo un tiempo de 2.06\u00b451\u201d y de Dominika Jamnicky, de Canad\u00e1 que marc\u00f3 2.06\u00b457\u201d.<\/p>\n\n\n\n<p>Ricardo se coloc\u00f3 en el cuarto sitio de su divisi\u00f3n, la sub 23 con un tiempo de 1.54\u00b412\u201d, a poco m\u00e1s de los ganadores encabezados por Diego Moya, de Chile, con tiempo de 1.53\u00b401\u201d; de Chase Mcqueen, con marca de 1.53\u00b414\u201d y de Austin Hindman que cronometr\u00f3 1.53\u00b423\u201d; ambos de Estados Unidos.<\/p>\n\n\n\n<p>En la divisi\u00f3n \u00e9lite, el oaxaque\u00f1o qued\u00f3 en el noveno lugar, por debajo de los representantes de Estados Unidos, Canad\u00e1 y Chile, pero la divisi\u00f3n tambi\u00e9n fue para M\u00e9xico con el triunfo de Irving P\u00e9rez, que lleg\u00f3 poco m\u00e1s de dos minutos antes que Ricardo.&nbsp;<\/p>\n\n\n\n<p>La competencia fue convocada por la World Triathlon, organismo rector internacional del deporte ol\u00edmpico y paral\u00edmpico del triatl\u00f3n, en las categor\u00edas \u00e9lite y sub 23 de ambas ramas, donde M\u00e9xico fue representado por nueve triatletas.<\/p>\n\n\n\n<p>(Comunicado)<\/p>\n","protected":false},"excerpt":{"rendered":"<p>Redacci\u00f3n\/Zona Roja. Oaxaca de Ju\u00e1rez, Oax., 5 de noviembre de 2021.- Los triatletas oaxaque\u00f1os Cecilia&hellip;<\/p>\n","protected":false},"author":2,"featured_media":33940,"comment_status":"closed","ping_status":"open","sticky":false,"template":"","format":"standard","meta":{"_lmt_disableupdate":"","_lmt_disable":"","_jetpack_memberships_contains_paid_content":false,"footnotes":""},"categories":[109,46],"tags":[2940],"class_list":["post-33939","post","type-post","status-publish","format-standard","has-post-thumbnail","hentry","category-minuto-a-minuto","category-zona-blanca","tag-cecilia-sayuri-ramirez-alavez"],"jetpack_featured_media_url":"https:\/\/zonaroja.com.mx\/wp-content\/uploads\/2021\/11\/Cecilia-Sayuri-Ramirez.jpg","jetpack_sharing_enabled":true,"_links":{"self":[{"href":"https:\/\/zonaroja.com.mx\/index.php?rest_route=\/wp\/v2\/posts\/33939","targetHints":{"allow":["GET"]}}],"collection":[{"href":"https:\/\/zonaroja.com.mx\/index.php?rest_route=\/wp\/v2\/posts"}],"about":[{"href":"https:\/\/zonaroja.com.mx\/index.php?rest_route=\/wp\/v2\/types\/post"}],"author":[{"embeddable":true,"href":"https:\/\/zonaroja.com.mx\/index.php?rest_route=\/wp\/v2\/users\/2"}],"replies":[{"embeddable":true,"href":"https:\/\/zonaroja.com.mx\/index.php?rest_route=%2Fwp%2Fv2%2Fcomments&post=33939"}],"version-history":[{"count":1,"href":"https:\/\/zonaroja.com.mx\/index.php?rest_route=\/wp\/v2\/posts\/33939\/revisions"}],"predecessor-version":[{"id":33941,"href":"https:\/\/zonaroja.com.mx\/index.php?rest_route=\/wp\/v2\/posts\/33939\/revisions\/33941"}],"wp:featuredmedia":[{"embeddable":true,"href":"https:\/\/zonaroja.com.mx\/index.php?rest_route=\/wp\/v2\/media\/33940"}],"wp:attachment":[{"href":"https:\/\/zonaroja.com.mx\/index.php?rest_route=%2Fwp%2Fv2%2Fmedia&parent=33939"}],"wp:term":[{"taxonomy":"category","embeddable":true,"href":"https:\/\/zonaroja.com.mx\/index.php?rest_route=%2Fwp%2Fv2%2Fcategories&post=33939"},{"taxonomy":"post_tag","embeddable":true,"href":"https:\/\/zonaroja.com.mx\/index.php?rest_route=%2Fwp%2Fv2%2Ftags&post=33939"}],"curies":[{"name":"wp","href":"https:\/\/api.w.org\/{rel}","templated":true}]}}