{"id":3394,"date":"2019-08-25T20:28:10","date_gmt":"2019-08-26T01:28:10","guid":{"rendered":"http:\/\/www.zonaroja.com.mx\/?p=3394"},"modified":"2019-08-25T20:28:12","modified_gmt":"2019-08-26T01:28:12","slug":"sin-contratiempos-preven-iniciar-este-lunes-el-ciclo-escolar-en-oaxaca","status":"publish","type":"post","link":"https:\/\/zonaroja.com.mx\/?p=3394","title":{"rendered":"Sin contratiempos, prev\u00e9n iniciar este lunes el ciclo escolar en Oaxaca"},"content":{"rendered":"\n<p>Redacci\u00f3n\/Zona\nRoja.<\/p>\n\n\n\n<p>Oaxaca de\nJu\u00e1rez, Oax., 25 de agosto de 2019.- Sin contratiempos prev\u00e9 el Instituto\nEstatal de Educaci\u00f3n P\u00fablica de Oaxaca el regreso a clases este lunes en los\nm\u00e1s de 13 mil 800 planteles de la entidad.<\/p>\n\n\n\n<p>\u00danicamente\nen la escuela secundaria \u201cRodolfo Morales\u201d opt\u00f3 por no iniciar el ciclo escolar\n2019-2020, debido a un conflicto entre padres de familia y docentes, que se\nagudiz\u00f3 la semana pasada.<\/p>\n\n\n\n<p>De acuerdo\ncon el IEEPO, este lunes 26 de agosto, cerca de 900 mil alumnos, as\u00ed como 53\nmil 941 docentes de educaci\u00f3n b\u00e1sica y normal de la entidad, iniciar\u00e1n clases,\ncomo lo establece el calendario oficial de la Secretar\u00eda de Educaci\u00f3n P\u00fablica\n(SEP).<\/p>\n\n\n\n<p>En un\ncomunicado, el director general del Instituto, Francisco \u00c1ngel Villarreal,\ndese\u00f3 \u00e9xito a la comunidad escolar y docente que retornar\u00e1 a clases y\nactividades laborales en m\u00e1s de 13 mil 800 planteles de la entidad, al concluir\nel periodo de receso escolar.<\/p>\n\n\n\n<p>Indic\u00f3 que a\npartir de este lunes, los diversos niveles de educaci\u00f3n inicial, preescolar,\nprimaria, secundaria, telesecundaria y secundarias generales en sus modalidades\nde general, ind\u00edgena y comunitaria, tanto en escuelas p\u00fablicas, privadas y\nescuelas normales, iniciar\u00e1n con una nueva etapa en la preparaci\u00f3n acad\u00e9mica de\nni\u00f1as, ni\u00f1os y j\u00f3venes.<\/p>\n\n\n\n<p>De igual\nmanera, se integran a sus actividades los maestros oaxaque\u00f1os para continuar\ncon su labor y atender los objetivos y metas establecidas del plan de estudios\nestablecido por SEP, as\u00ed como personal de apoyo a la educaci\u00f3n.<\/p>\n\n\n\n<p>A\u00f1adi\u00f3 que con\nel fin de proteger la salud e integridad f\u00edsica de los alumnos, en coordinaci\u00f3n\ncon dependencias del Gobierno del Estado, el IEEPO promueve medidas y&nbsp; recomendaciones a maestros, padres de familia\ny autoridades municipales para la atenci\u00f3n de posibles contingencias, que\npuedan presentarse debido a la temporada de lluvias.<\/p>\n\n\n\n<p>Para tal\nefecto, la autoridad educativa solicita estar atentos de los avisos o comunicarse\nal Centro de Atenci\u00f3n Telef\u00f3nica: 800 433 76 15<\/p>\n\n\n\n<p>Por otra\nparte, en un oficio, la titular de la Unidad de Educaci\u00f3n Secundaria, Tania\nElizabeth Lina Alvarado, inform\u00f3 que debido las diferencias entre padres y\ndocentes, y para salvaguardar a las ni\u00f1as y los ni\u00f1os, se pospone el inicio de\nclases en la secundaria \u201cRodolfo Morales\u201d.<\/p>\n\n\n\n<p>En ese\nplantel ubicado en la colonia Volcanes, del municipio de Oaxaca de Ju\u00e1rez, los\npadres de familia expulsaron a los profesores de la Secci\u00f3n 22 que pretend\u00edan\niniciar clases.<\/p>\n\n\n\n<p>El IEEPO\nafirm\u00f3 que desde hace varios meses ha escuchado a ambas partes en conflicto y\nha buscado soluci\u00f3n por la v\u00eda del di\u00e1logo y la conciliaci\u00f3n, \u201csiendo\nrespetuosos de sus argumentos e inquietudes\u201d.<\/p>\n","protected":false},"excerpt":{"rendered":"<p>Redacci\u00f3n\/Zona Roja. Oaxaca de Ju\u00e1rez, Oax., 25 de agosto de 2019.- Sin contratiempos prev\u00e9 el&hellip;<\/p>\n","protected":false},"author":2,"featured_media":3395,"comment_status":"closed","ping_status":"open","sticky":false,"template":"","format":"standard","meta":{"_lmt_disableupdate":"","_lmt_disable":"","_jetpack_memberships_contains_paid_content":false,"footnotes":""},"categories":[109],"tags":[595,599],"class_list":["post-3394","post","type-post","status-publish","format-standard","has-post-thumbnail","hentry","category-minuto-a-minuto","tag-ciclo-escolar-2019-2020","tag-instituto-estatal-de-educacion-publica-de-oaxaca"],"jetpack_featured_media_url":"https:\/\/zonaroja.com.mx\/wp-content\/uploads\/2019\/08\/IEEPO-1.jpg","jetpack_sharing_enabled":true,"_links":{"self":[{"href":"https:\/\/zonaroja.com.mx\/index.php?rest_route=\/wp\/v2\/posts\/3394","targetHints":{"allow":["GET"]}}],"collection":[{"href":"https:\/\/zonaroja.com.mx\/index.php?rest_route=\/wp\/v2\/posts"}],"about":[{"href":"https:\/\/zonaroja.com.mx\/index.php?rest_route=\/wp\/v2\/types\/post"}],"author":[{"embeddable":true,"href":"https:\/\/zonaroja.com.mx\/index.php?rest_route=\/wp\/v2\/users\/2"}],"replies":[{"embeddable":true,"href":"https:\/\/zonaroja.com.mx\/index.php?rest_route=%2Fwp%2Fv2%2Fcomments&post=3394"}],"version-history":[{"count":1,"href":"https:\/\/zonaroja.com.mx\/index.php?rest_route=\/wp\/v2\/posts\/3394\/revisions"}],"predecessor-version":[{"id":3396,"href":"https:\/\/zonaroja.com.mx\/index.php?rest_route=\/wp\/v2\/posts\/3394\/revisions\/3396"}],"wp:featuredmedia":[{"embeddable":true,"href":"https:\/\/zonaroja.com.mx\/index.php?rest_route=\/wp\/v2\/media\/3395"}],"wp:attachment":[{"href":"https:\/\/zonaroja.com.mx\/index.php?rest_route=%2Fwp%2Fv2%2Fmedia&parent=3394"}],"wp:term":[{"taxonomy":"category","embeddable":true,"href":"https:\/\/zonaroja.com.mx\/index.php?rest_route=%2Fwp%2Fv2%2Fcategories&post=3394"},{"taxonomy":"post_tag","embeddable":true,"href":"https:\/\/zonaroja.com.mx\/index.php?rest_route=%2Fwp%2Fv2%2Ftags&post=3394"}],"curies":[{"name":"wp","href":"https:\/\/api.w.org\/{rel}","templated":true}]}}