{"id":33945,"date":"2021-11-05T08:21:52","date_gmt":"2021-11-05T14:21:52","guid":{"rendered":"http:\/\/www.zonaroja.com.mx\/?p=33945"},"modified":"2021-11-05T08:55:12","modified_gmt":"2021-11-05T14:55:12","slug":"esposa-de-gustavo-diaz-pide-apoyo-de-gobernadores-de-oaxaca-y-veracruz","status":"publish","type":"post","link":"https:\/\/zonaroja.com.mx\/?p=33945","title":{"rendered":"Esposa de Gustavo D\u00edaz pide apoyo de gobernadores de Oaxaca y Veracruz"},"content":{"rendered":"\n<p>Ismael Garc\u00eda M.\/Zona Roja.<\/p>\n\n\n\n<p>Oaxaca de Ju\u00e1rez, Oax., 5 de noviembre de 2021.- A m\u00e1s de 12 horas de la presunta detenci\u00f3n del diputado local Gustavo D\u00edaz S\u00e1nchez y su hijo, a\u00fan no hay informaci\u00f3n oficial acerca de la situaci\u00f3n legal del legislador priista.<\/p>\n\n\n\n<p>Su esposa, Aracely L\u00f3pez Madrigal, emiti\u00f3 un mensaje v\u00eda Facebook, para pedir la intervenci\u00f3n de las autoridades de ambas entidades:<\/p>\n\n\n\n<p>\u201cHasta ahorita no se sabe nada de Gustavo D\u00edaz S\u00e1nchez, lo detuvieron por llegar a preguntar si ah\u00ed estaba Jos\u00e9 Alberto D\u00edaz L\u00f3pez y Oliver Pomar, nos recibieron d\u00e9spotas la Fuerza Civil de El Fort\u00edn de las Flores, Veracruz, ingres\u00f3 a las oficinas de la delegaci\u00f3n y hasta ahorita no se sabe el paradero de mi esposo.<\/p>\n\n\n\n<p>\u201cHago un llamado al gobernador Cuitl\u00e1huac Garc\u00eda de Veracruz y al de Oaxaca, Alejandro Murat Hinojosa, y no llevaba arma como lo est\u00e1n manejando algunos medios\u201d.<\/p>\n\n\n\n<p>Desde ayer por la ma\u00f1ana se registraron disturbios e inconformidades en la zona de Tezonapa, Veracruz, lim\u00edtrofe con Cosolapa &#8211;de donde es originario el diputado&#8211;, de Oaxaca, por lo cual la Fuerza Civil veracruzana efectu\u00f3 diversos operativos con detenciones.<\/p>\n\n\n\n<p>En esas acciones habr\u00edan detenido a un grupo de j\u00f3venes, entre ellos el hijo de Gustavo D\u00edaz S\u00e1nchez.<\/p>\n\n\n\n<p>El diputado local por el PRI acudi\u00f3 con su familia a la delegaci\u00f3n de El Fort\u00edn de las Flores a preguntar por su v\u00e1stago, pero fue detenido y hasta el momento no hay ninguna informaci\u00f3n oficial respecto a su situaci\u00f3n legal.<\/p>\n\n\n\n<p>Desde anoche y hasta la ma\u00f1ana de hoy, se han registrado diversos bloqueos carreteros, en Tuxtepec, Temascal y Cosolapa, entre otros, para exigir la liberaci\u00f3n del diputado que concluye sus funciones el pr\u00f3ximo 13 de noviembre.<\/p>\n\n\n\n<figure class=\"wp-block-image size-full\"><a href=\"http:\/\/www.zonaroja.com.mx\/wp-content\/uploads\/2021\/11\/Mensaje-esposa-Gustavo-Diaz.jpg\" data-rel=\"penci-gallery-image-content\" ><img decoding=\"async\" width=\"900\" height=\"895\" src=\"http:\/\/www.zonaroja.com.mx\/wp-content\/uploads\/2021\/11\/Mensaje-esposa-Gustavo-Diaz.jpg\" alt=\"\" class=\"wp-image-33947\" srcset=\"https:\/\/zonaroja.com.mx\/wp-content\/uploads\/2021\/11\/Mensaje-esposa-Gustavo-Diaz.jpg 900w, https:\/\/zonaroja.com.mx\/wp-content\/uploads\/2021\/11\/Mensaje-esposa-Gustavo-Diaz-300x298.jpg 300w, https:\/\/zonaroja.com.mx\/wp-content\/uploads\/2021\/11\/Mensaje-esposa-Gustavo-Diaz-150x150.jpg 150w, https:\/\/zonaroja.com.mx\/wp-content\/uploads\/2021\/11\/Mensaje-esposa-Gustavo-Diaz-768x764.jpg 768w, https:\/\/zonaroja.com.mx\/wp-content\/uploads\/2021\/11\/Mensaje-esposa-Gustavo-Diaz-585x582.jpg 585w\" sizes=\"(max-width: 900px) 100vw, 900px\" \/><\/a><\/figure>\n","protected":false},"excerpt":{"rendered":"<p>Ismael Garc\u00eda M.\/Zona Roja. Oaxaca de Ju\u00e1rez, Oax., 5 de noviembre de 2021.- A m\u00e1s&hellip;<\/p>\n","protected":false},"author":2,"featured_media":33946,"comment_status":"closed","ping_status":"open","sticky":false,"template":"","format":"standard","meta":{"_lmt_disableupdate":"","_lmt_disable":"","_jetpack_memberships_contains_paid_content":false,"footnotes":""},"categories":[109,47],"tags":[671],"class_list":["post-33945","post","type-post","status-publish","format-standard","has-post-thumbnail","hentry","category-minuto-a-minuto","category-zona-gris","tag-gustavo-diaz-sanchez"],"jetpack_featured_media_url":"https:\/\/zonaroja.com.mx\/wp-content\/uploads\/2021\/11\/Bloqueos-Cuenca.jpg","jetpack_sharing_enabled":true,"_links":{"self":[{"href":"https:\/\/zonaroja.com.mx\/index.php?rest_route=\/wp\/v2\/posts\/33945","targetHints":{"allow":["GET"]}}],"collection":[{"href":"https:\/\/zonaroja.com.mx\/index.php?rest_route=\/wp\/v2\/posts"}],"about":[{"href":"https:\/\/zonaroja.com.mx\/index.php?rest_route=\/wp\/v2\/types\/post"}],"author":[{"embeddable":true,"href":"https:\/\/zonaroja.com.mx\/index.php?rest_route=\/wp\/v2\/users\/2"}],"replies":[{"embeddable":true,"href":"https:\/\/zonaroja.com.mx\/index.php?rest_route=%2Fwp%2Fv2%2Fcomments&post=33945"}],"version-history":[{"count":2,"href":"https:\/\/zonaroja.com.mx\/index.php?rest_route=\/wp\/v2\/posts\/33945\/revisions"}],"predecessor-version":[{"id":33951,"href":"https:\/\/zonaroja.com.mx\/index.php?rest_route=\/wp\/v2\/posts\/33945\/revisions\/33951"}],"wp:featuredmedia":[{"embeddable":true,"href":"https:\/\/zonaroja.com.mx\/index.php?rest_route=\/wp\/v2\/media\/33946"}],"wp:attachment":[{"href":"https:\/\/zonaroja.com.mx\/index.php?rest_route=%2Fwp%2Fv2%2Fmedia&parent=33945"}],"wp:term":[{"taxonomy":"category","embeddable":true,"href":"https:\/\/zonaroja.com.mx\/index.php?rest_route=%2Fwp%2Fv2%2Fcategories&post=33945"},{"taxonomy":"post_tag","embeddable":true,"href":"https:\/\/zonaroja.com.mx\/index.php?rest_route=%2Fwp%2Fv2%2Ftags&post=33945"}],"curies":[{"name":"wp","href":"https:\/\/api.w.org\/{rel}","templated":true}]}}