{"id":33954,"date":"2021-11-05T15:35:58","date_gmt":"2021-11-05T21:35:58","guid":{"rendered":"http:\/\/www.zonaroja.com.mx\/?p=33954"},"modified":"2021-11-05T15:36:02","modified_gmt":"2021-11-05T21:36:02","slug":"diputado-de-oaxaca-encabeza-algun-tipo-de-organizacion","status":"publish","type":"post","link":"https:\/\/zonaroja.com.mx\/?p=33954","title":{"rendered":"Diputado de Oaxaca \u201cencabeza alg\u00fan tipo de organizaci\u00f3n\u201d"},"content":{"rendered":"\n<p>Evlin Arag\u00f3n\/<\/p>\n\n\n\n<p>Oaxaca de Ju\u00e1rez, Oax., 5 de noviembre de 2021.- El gobernador de Veracruz, Cuitl\u00e1huac Garc\u00eda, confirm\u00f3 la detenci\u00f3n del diputado local de Oaxaca, Gustavo D\u00edaz S\u00e1nchez, y dos personas m\u00e1s, entre ellos el hijo del legislador y militante del Partido Revolucionario Institucional, misma que se llev\u00f3 a cabo la tarde-noche de este jueves 4 de noviembre.&nbsp;<\/p>\n\n\n\n<p>En conferencia de prensa, el mandatario veracruzano indic\u00f3 que las detenciones se registraron en dos hechos por separado; en el primero se llev\u00f3 a cabo la captura de dos j\u00f3venes por la comisi\u00f3n de diversos delitos en flagrancia; mientras que, en un segundo momento, se procedi\u00f3 a la aprehensi\u00f3n del legislador por las mismas razones.&nbsp;<\/p>\n\n\n\n<p>\u201cNosotros actuaremos apegados a derecho, est\u00e1n detenidas tres personas provenientes de Oaxaca, la comisi\u00f3n del delito la hicieron en el estado de Veracruz\u201d, dijo el mandatario.&nbsp;<\/p>\n\n\n\n<p>Al ser cuestionado por los delitos cometidos, detall\u00f3 que las tres personas ya est\u00e1n puestos a disposici\u00f3n del Juez y ser\u00e1 a trav\u00e9s de la Fiscal\u00eda veracruzana que se le imputaran los cargos, sin embargo, adelant\u00f3 que los detenidos presuntamente encabezan un tipo de organizaci\u00f3n delictiva.&nbsp;<\/p>\n\n\n\n<p>\u201cEntendemos que encabezan alg\u00fan tipo de organizaci\u00f3n, estamos indagando, porque fue curioso que una vez que se detuvieron empezaran algunas gentes, entre malandros y algunas otras gentes comenzaron a bloquear casetas, sobre todo en Oaxaca, incendiaron algunos veh\u00edculos y eso es lo que vamos a investigar, todo apegado a derecho\u201d, manifest\u00f3.<\/p>\n\n\n\n<figure class=\"wp-block-embed is-type-rich is-provider-twitter wp-block-embed-twitter\"><div class=\"wp-block-embed__wrapper\">\n<div class=\"twitter-tweet\"><blockquote class=\"twitter-tweet\" data-lang=\"es\"><p lang=\"es\" dir=\"ltr\"><a href=\"https:\/\/twitter.com\/hashtag\/%C3%9AltimoMinuto?src=hash&amp;ref_src=twsrc%5Etfw\">#\u00daltimoMinuto<\/a> <br>Confirma el gobernador de <a href=\"https:\/\/twitter.com\/hashtag\/Veracruz?src=hash&amp;ref_src=twsrc%5Etfw\">#Veracruz<\/a>, <a href=\"https:\/\/twitter.com\/CuitlahuacGJ?ref_src=twsrc%5Etfw\">@CuitlahuacGJ<\/a>, la aprehensi\u00f3n del diputado <a href=\"https:\/\/twitter.com\/Gustavo_DiazS?ref_src=twsrc%5Etfw\">@Gustavo_DiazS<\/a> y dos personas m\u00e1s, entre ellos el hijo del legislador pri\u00edsta;fue por la comisi\u00f3n de delitos y los \u201cnarcobloqueos\u201d de anoche podr\u00edan estar relacionados con la detenci\u00f3n. <a href=\"https:\/\/t.co\/8irPpfENVU\">pic.twitter.com\/8irPpfENVU<\/a><\/p>&mdash; Zona Roja Oaxaca (@Zona_Roja_Oax) <a href=\"https:\/\/twitter.com\/Zona_Roja_Oax\/status\/1456710966620610560?ref_src=twsrc%5Etfw\">5 de noviembre de 2021<\/a><\/blockquote><\/div>\n<\/div><\/figure>\n\n\n\n<p>\u201cSe va a indagar si tienen relaci\u00f3n, pensamos que s\u00ed, y que por lo tanto nos crece la sospecha de la comisi\u00f3n de otros delito, pero pues eso no tiene que motivarnos a actuar de manera irresponsable\u201d, expres\u00f3 el mandatario surgido del Partido Morena.<\/p>\n\n\n\n<p>El mandatario veracruzano, asegur\u00f3 que el legislador priista Gustavo D\u00edaz S\u00e1nchez es conocido plenamente en la zona conformada por los municipios de Cosolapa y Tezonapa, este \u00faltimo territorio veracruzano, cuya cercan\u00eda adem\u00e1s ha sido aprovechada por delincuentes para evadir la ley.&nbsp;<\/p>\n\n\n\n<p>\u201cAlgunas personas delinqu\u00edan en esta regi\u00f3n, pas\u00e1ndose de un lado a otro. Oh sorpresa, ac\u00e1 en Veracruz se aplica la ley pareja. Nosotros tenemos que actuar as\u00ed y respetando derechos tambi\u00e9n\u201d, sentenci\u00f3.<\/p>\n\n\n\n<p>Finalmente, Cuitl\u00e1huac Garc\u00eda detall\u00f3 que se investigara a profundidad si los hechos en los que se incendiaron veh\u00edculos, amedrentaron a personas, causaron zozobra e incitaron a la violencia, acciones descritas por medios locales como \u201cnarcobloqueos\u201d, tienen relaci\u00f3n con las detenciones previas.&nbsp;<\/p>\n\n\n\n<p>De ser as\u00ed, se acumular\u00eda un delito m\u00e1s a las personas detenidas, quienes detall\u00f3 fueron aprendidas en flagrancia.\u00a0\u00a0<\/p>\n\n\n\n<figure class=\"wp-block-embed is-type-rich is-provider-twitter wp-block-embed-twitter\"><div class=\"wp-block-embed__wrapper\">\n<div class=\"twitter-tweet\"><blockquote class=\"twitter-tweet\" data-lang=\"es\"><p lang=\"es\" dir=\"ltr\"><a href=\"https:\/\/twitter.com\/hashtag\/%C3%9AltimoMinuto?src=hash&amp;ref_src=twsrc%5Etfw\">#\u00daltimoMinuto<\/a> <br>Hasta el momento no se tiene ninguna noticia oficial acerca de la detenci\u00f3n del diputado local de <a href=\"https:\/\/twitter.com\/hashtag\/Oaxaca?src=hash&amp;ref_src=twsrc%5Etfw\">#Oaxaca<\/a>, <a href=\"https:\/\/twitter.com\/Gustavo_DiazS?ref_src=twsrc%5Etfw\">@Gustavo_DiazS<\/a> y su hijo; los bloqueos iniciados anoche en varios puntos de la regi\u00f3n de la Cuenca, contin\u00faan.<br>Video: cortes\u00eda. <a href=\"https:\/\/t.co\/MD1toT7UBf\">pic.twitter.com\/MD1toT7UBf<\/a><\/p>&mdash; Zona Roja Oaxaca (@Zona_Roja_Oax) <a href=\"https:\/\/twitter.com\/Zona_Roja_Oax\/status\/1456615357607817218?ref_src=twsrc%5Etfw\">5 de noviembre de 2021<\/a><\/blockquote><\/div>\n<\/div><\/figure>\n","protected":false},"excerpt":{"rendered":"<p>Evlin Arag\u00f3n\/ Oaxaca de Ju\u00e1rez, Oax., 5 de noviembre de 2021.- El gobernador de Veracruz,&hellip;<\/p>\n","protected":false},"author":2,"featured_media":33955,"comment_status":"closed","ping_status":"open","sticky":false,"template":"","format":"standard","meta":{"_lmt_disableupdate":"","_lmt_disable":"","_jetpack_memberships_contains_paid_content":false,"footnotes":""},"categories":[109,47],"tags":[671],"class_list":["post-33954","post","type-post","status-publish","format-standard","has-post-thumbnail","hentry","category-minuto-a-minuto","category-zona-gris","tag-gustavo-diaz-sanchez"],"jetpack_featured_media_url":"https:\/\/zonaroja.com.mx\/wp-content\/uploads\/2021\/11\/Gustavo-Diaz-S.jpg","jetpack_sharing_enabled":true,"_links":{"self":[{"href":"https:\/\/zonaroja.com.mx\/index.php?rest_route=\/wp\/v2\/posts\/33954","targetHints":{"allow":["GET"]}}],"collection":[{"href":"https:\/\/zonaroja.com.mx\/index.php?rest_route=\/wp\/v2\/posts"}],"about":[{"href":"https:\/\/zonaroja.com.mx\/index.php?rest_route=\/wp\/v2\/types\/post"}],"author":[{"embeddable":true,"href":"https:\/\/zonaroja.com.mx\/index.php?rest_route=\/wp\/v2\/users\/2"}],"replies":[{"embeddable":true,"href":"https:\/\/zonaroja.com.mx\/index.php?rest_route=%2Fwp%2Fv2%2Fcomments&post=33954"}],"version-history":[{"count":1,"href":"https:\/\/zonaroja.com.mx\/index.php?rest_route=\/wp\/v2\/posts\/33954\/revisions"}],"predecessor-version":[{"id":33956,"href":"https:\/\/zonaroja.com.mx\/index.php?rest_route=\/wp\/v2\/posts\/33954\/revisions\/33956"}],"wp:featuredmedia":[{"embeddable":true,"href":"https:\/\/zonaroja.com.mx\/index.php?rest_route=\/wp\/v2\/media\/33955"}],"wp:attachment":[{"href":"https:\/\/zonaroja.com.mx\/index.php?rest_route=%2Fwp%2Fv2%2Fmedia&parent=33954"}],"wp:term":[{"taxonomy":"category","embeddable":true,"href":"https:\/\/zonaroja.com.mx\/index.php?rest_route=%2Fwp%2Fv2%2Fcategories&post=33954"},{"taxonomy":"post_tag","embeddable":true,"href":"https:\/\/zonaroja.com.mx\/index.php?rest_route=%2Fwp%2Fv2%2Ftags&post=33954"}],"curies":[{"name":"wp","href":"https:\/\/api.w.org\/{rel}","templated":true}]}}