{"id":33961,"date":"2021-11-05T19:10:03","date_gmt":"2021-11-06T01:10:03","guid":{"rendered":"http:\/\/www.zonaroja.com.mx\/?p=33961"},"modified":"2021-11-05T19:10:06","modified_gmt":"2021-11-06T01:10:06","slug":"se-acusan-ambientalistas-de-pactar-con-gobierno-por-obra-en-simbolos-patrios","status":"publish","type":"post","link":"https:\/\/zonaroja.com.mx\/?p=33961","title":{"rendered":"Se acusan ambientalistas de pactar con gobierno por obra en S\u00edmbolos Patrios"},"content":{"rendered":"\n<p>Evlin Arag\u00f3n\/Zona Roja.<\/p>\n\n\n\n<p>Oaxaca de Ju\u00e1rez, Oax., 5 de noviembre de 2021.- Un grupo de presuntos ambientalistas insisti\u00f3 hoy en su oposici\u00f3n a la obra de modernizaci\u00f3n de la avenida S\u00edmbolos Patrios, al sur de la capital de Oaxaca, a la par que neg\u00f3 haber entablado conversaci\u00f3n y llegar a un tipo de acuerdo con las autoridades estatales.<\/p>\n\n\n\n<p>Por el contrario, acusaron a los integrantes del Colectivo de Organizaciones Ambientalista de Oaxaca (COAO) de haberse reunido con las autoridades de Secretar\u00eda de las Infraestructuras y el Ordenamiento Territorial (Sinfra) y haber pactado la continuidad de la obra.&nbsp;<\/p>\n\n\n\n<p>En conferencia de prensa, en la explanada de la iglesia de Santo Domingo, Rom\u00e1n S\u00e1nchez, presidente de la colonia Miguel Alem\u00e1n, neg\u00f3 que por su parte exista un acuerdo con organizaci\u00f3n o dependencia alguna para permitir el derribo de m\u00e1s de mil 500 ejemplares en la zona.&nbsp;<\/p>\n\n\n\n<p>Por el contrario, asegur\u00f3 desconocer de donde sali\u00f3 la versi\u00f3n con relaci\u00f3n a un supuesto acuerdo con Sinfra para echar a andar la obra, con el costo ambiental que trae consigo, a la par que advirti\u00f3 es otro grupo de ambientalistas quienes han pactado con las autoridades.&nbsp;&nbsp;&nbsp;<\/p>\n\n\n\n<p>\u201cDesmentimos esta informaci\u00f3n, el Comvive no ha tenido ning\u00fan acercamiento con las autoridades. Nosotros no nos vendemos. Que quede claro que no estamos en contra del desarrollo, estamos en contra del ecocidio\u201d, indic\u00f3.&nbsp;<\/p>\n\n\n\n<p>En este mismo lugar, explic\u00f3 que se han unido habitantes de las colonias Miguel Alem\u00e1n, Agraria, Candiani, Jim\u00e9nez Ruiz, as\u00ed como otras pertenecientes al municipio de Santa Cruz Xoxocotl\u00e1n, en defensa del medioambiente, toda vez que el proyecto actual le apuesta al calentamiento global y al ecocidio.&nbsp;<\/p>\n\n\n\n<p>NO HAY PERMISO<\/p>\n\n\n\n<p>Por su parte y en otro punto de la ciudad, integrantes del COAO negaron que hayan dado el permiso para el derribe de m\u00e1s de mil 500 \u00e1rboles en inmediaciones de la obra de S\u00edmbolos Patrios.<\/p>\n\n\n\n<p>\u201cEso es absolutamente falso, somos un colectivo ambientalista. Yo creo que es una falta de respeto y una mentira porque no tendr\u00edamos nosotros porque dar la autorizaci\u00f3n\u201d, indic\u00f3 Arnoldo D\u00e1maso.<\/p>\n\n\n\n<p>En este mismo sentido, dio a conocer que s\u00ed se han reunido con las autoridades estatales de Sinfra con la intenci\u00f3n que la obra se lleve a cabo de manera sustentable, sin que ello signifique que han avalado el da\u00f1o ambiental.&nbsp;<\/p>\n\n\n\n<p>El pintor tambi\u00e9n record\u00f3 que, aunque han solicitado en reiteradas ocasiones conocer el proyecto, la autoridad sigue sin hacerlo p\u00fablico, a pesar de que tambi\u00e9n integrantes del Poder Legislativo han pedido que se d\u00e9 a conocer de manera transparente.&nbsp;<\/p>\n\n\n\n<p>Finalmente, Nazario Garc\u00eda Ram\u00edrez, fundador del COAO, reconoci\u00f3 que s\u00ed se han sentado a negociar con las autoridades de Sinfra para conseguir que no se derriben los mil 500 ejemplares, un programa de reforestaci\u00f3n alterno y la inclusi\u00f3n de una ciclov\u00eda en la vialidad.&nbsp;<\/p>\n\n\n\n<p>Acciones que han hecho de conocimiento de Markoa V\u00e1squez, a quien en reiteradas ocasiones han invitado a que se incluya en las pl\u00e1ticas, sin embargo, este se ha negado a escuchar cualquier otro tipo de argumento que no sea el suyo y arrastrando a los habitantes de la zona a un conflicto innecesario.&nbsp;<\/p>\n","protected":false},"excerpt":{"rendered":"<p>Evlin Arag\u00f3n\/Zona Roja. Oaxaca de Ju\u00e1rez, Oax., 5 de noviembre de 2021.- Un grupo de&hellip;<\/p>\n","protected":false},"author":2,"featured_media":33962,"comment_status":"closed","ping_status":"open","sticky":false,"template":"","format":"standard","meta":{"_lmt_disableupdate":"","_lmt_disable":"","_jetpack_memberships_contains_paid_content":false,"footnotes":""},"categories":[109,47],"tags":[2841],"class_list":["post-33961","post","type-post","status-publish","format-standard","has-post-thumbnail","hentry","category-minuto-a-minuto","category-zona-gris","tag-obras-avenida-simbolos-patrios-oaxaca"],"jetpack_featured_media_url":"https:\/\/zonaroja.com.mx\/wp-content\/uploads\/2021\/11\/Avenida-Simbolos-Patrios.jpg","jetpack_sharing_enabled":true,"_links":{"self":[{"href":"https:\/\/zonaroja.com.mx\/index.php?rest_route=\/wp\/v2\/posts\/33961","targetHints":{"allow":["GET"]}}],"collection":[{"href":"https:\/\/zonaroja.com.mx\/index.php?rest_route=\/wp\/v2\/posts"}],"about":[{"href":"https:\/\/zonaroja.com.mx\/index.php?rest_route=\/wp\/v2\/types\/post"}],"author":[{"embeddable":true,"href":"https:\/\/zonaroja.com.mx\/index.php?rest_route=\/wp\/v2\/users\/2"}],"replies":[{"embeddable":true,"href":"https:\/\/zonaroja.com.mx\/index.php?rest_route=%2Fwp%2Fv2%2Fcomments&post=33961"}],"version-history":[{"count":1,"href":"https:\/\/zonaroja.com.mx\/index.php?rest_route=\/wp\/v2\/posts\/33961\/revisions"}],"predecessor-version":[{"id":33963,"href":"https:\/\/zonaroja.com.mx\/index.php?rest_route=\/wp\/v2\/posts\/33961\/revisions\/33963"}],"wp:featuredmedia":[{"embeddable":true,"href":"https:\/\/zonaroja.com.mx\/index.php?rest_route=\/wp\/v2\/media\/33962"}],"wp:attachment":[{"href":"https:\/\/zonaroja.com.mx\/index.php?rest_route=%2Fwp%2Fv2%2Fmedia&parent=33961"}],"wp:term":[{"taxonomy":"category","embeddable":true,"href":"https:\/\/zonaroja.com.mx\/index.php?rest_route=%2Fwp%2Fv2%2Fcategories&post=33961"},{"taxonomy":"post_tag","embeddable":true,"href":"https:\/\/zonaroja.com.mx\/index.php?rest_route=%2Fwp%2Fv2%2Ftags&post=33961"}],"curies":[{"name":"wp","href":"https:\/\/api.w.org\/{rel}","templated":true}]}}