{"id":33967,"date":"2021-11-06T08:28:00","date_gmt":"2021-11-06T14:28:00","guid":{"rendered":"http:\/\/www.zonaroja.com.mx\/?p=33967"},"modified":"2021-11-05T19:33:53","modified_gmt":"2021-11-06T01:33:53","slug":"menos-del-25-de-casos-reconoce-fiscalia-de-oaxaca-como-feminicidios","status":"publish","type":"post","link":"https:\/\/zonaroja.com.mx\/?p=33967","title":{"rendered":"Menos del 25% de casos reconoce Fiscal\u00eda de Oaxaca como feminicidios"},"content":{"rendered":"\n<p>Evlin Arag\u00f3n\/<\/p>\n\n\n\n<p>En Oaxaca, durante la administraci\u00f3n de Alejandro Murat Hinojosa, han ocurrido 556 asesinatos violentos contra mujeres de las ocho regiones de la entidad, menos del 25 por ciento de los casos han sido reconocidos como feminicidios, lo que da cuenta de la opacidad e impunidad que impera en el estado.&nbsp;<\/p>\n\n\n\n<p>As\u00ed lo dio a conocer Consorcio Oaxaca, organizaci\u00f3n feminista que junto con el Observatorio Ciudadano Nacional del Feminicidio y madres de v\u00edctimas han convocado al Tribunal Feminista contra la Violencia Feminicida en Oaxaca, toda vez que, de acuerdo con Impunidad Cero, en M\u00e9xico la mitad de los feminicidios nunca se esclarecen.&nbsp;<\/p>\n\n\n\n<p>En una reciente publicaci\u00f3n, las activistas refieren que la violencia de g\u00e9nero no es exclusiva de nuestro pa\u00eds, por el contrario, las cifran mundiales dan cuenta de la gravedad de la problem\u00e1tica y la urgencia de implementar acciones para resarcirla.&nbsp;<\/p>\n\n\n\n<p>Y es que en el mundo una de cada tres mujeres ha sufrido violencia f\u00edsica o sexual por su pareja; una de cada dos feminicidios ha sido cometido por la pareja sentimental de la v\u00edctima o por un familiar directo; mientras que una de cada cinco ni\u00f1as y j\u00f3venes sufrir\u00e1 un intento de violaci\u00f3n o ser\u00e1 v\u00edctima del delito alguna vez.\u00a0<\/p>\n\n\n\n<figure class=\"wp-block-embed is-type-rich is-provider-twitter wp-block-embed-twitter\"><div class=\"wp-block-embed__wrapper\">\n<div class=\"twitter-tweet\"><blockquote class=\"twitter-tweet\" data-lang=\"es\"><p lang=\"es\" dir=\"ltr\">\ud83d\udd34La violencia de g\u00e9nero afecta a las mujeres por el mero hecho de serlo. Constituye un atentado contra la integridad, la dignidad y la libertad de las mujeres. <br><br>Mira las cifras, comparte. A todas y a todos nos incumbe esta informaci\u00f3n <a href=\"https:\/\/t.co\/eB67m5VgUQ\">pic.twitter.com\/eB67m5VgUQ<\/a><\/p>&mdash; Consorcio Oaxaca (@consorciooaxaca) <a href=\"https:\/\/twitter.com\/consorciooaxaca\/status\/1456414495941726208?ref_src=twsrc%5Etfw\">5 de noviembre de 2021<\/a><\/blockquote><\/div>\n<\/div><\/figure>\n\n\n\n<p>Aunque dram\u00e1ticas, no son las \u00fanicas cifras, ya que el 98 por ciento de las v\u00edctimas de trata de personas son mujeres y ni\u00f1as; 70 por ciento de la poblaci\u00f3n femenina ha experimentado alg\u00fan tipo de violencia en su vida; as\u00ed mismo, 40 por ciento de las mujeres que han sufrido violencia no buscan ayuda debido a la aceptaci\u00f3n generalizada de la violencia.&nbsp;&nbsp;<\/p>\n\n\n\n<p>A lo anterior hay que agregar que en el mundo 120 millones de ni\u00f1as han sufrido de relaciones sexuales forzadas y 700 millones m\u00e1s se casaron siendo a\u00fan ni\u00f1as.&nbsp;<\/p>\n\n\n\n<p>Por ello y con el objetivo de visibilizar la ausencia de justicia para mujeres que han sido v\u00edctimas de feminicidio o tentativa de feminicidio, es que fue propuesto el Tribunal que dar\u00e1 voz a quienes no han sido escuchadas por las autoridades estatales y federales.&nbsp;<\/p>\n\n\n\n<p>Quienes impulsan el Tribunal refieren que la violencia contra las mujeres no son hechos aislados sino reflejo de la estructura social patriarcal, que discrimina, excluye y desvaloriza la vida de las mujeres, con lo cual vulnera sus derechos humanos.<\/p>\n\n\n\n<p>As\u00ed mismo, que las v\u00edctimas ven obstaculizado el acceso a la justicia por parte de las autoridades correspondientes, ello como resultado de la incapacidad institucional que da\u00f1a a toda la sociedad, pero en especial, a las mujeres.<\/p>\n","protected":false},"excerpt":{"rendered":"<p>Evlin Arag\u00f3n\/ En Oaxaca, durante la administraci\u00f3n de Alejandro Murat Hinojosa, han ocurrido 556 asesinatos&hellip;<\/p>\n","protected":false},"author":2,"featured_media":31187,"comment_status":"closed","ping_status":"open","sticky":false,"template":"","format":"standard","meta":{"_lmt_disableupdate":"","_lmt_disable":"","_jetpack_memberships_contains_paid_content":false,"footnotes":""},"categories":[109,47],"tags":[1093],"class_list":["post-33967","post","type-post","status-publish","format-standard","has-post-thumbnail","hentry","category-minuto-a-minuto","category-zona-gris","tag-consorcio-para-el-dialogo-oaxaca"],"jetpack_featured_media_url":"https:\/\/zonaroja.com.mx\/wp-content\/uploads\/2021\/08\/Violencia-de-genero-mujeres-2.jpg","jetpack_sharing_enabled":true,"_links":{"self":[{"href":"https:\/\/zonaroja.com.mx\/index.php?rest_route=\/wp\/v2\/posts\/33967","targetHints":{"allow":["GET"]}}],"collection":[{"href":"https:\/\/zonaroja.com.mx\/index.php?rest_route=\/wp\/v2\/posts"}],"about":[{"href":"https:\/\/zonaroja.com.mx\/index.php?rest_route=\/wp\/v2\/types\/post"}],"author":[{"embeddable":true,"href":"https:\/\/zonaroja.com.mx\/index.php?rest_route=\/wp\/v2\/users\/2"}],"replies":[{"embeddable":true,"href":"https:\/\/zonaroja.com.mx\/index.php?rest_route=%2Fwp%2Fv2%2Fcomments&post=33967"}],"version-history":[{"count":1,"href":"https:\/\/zonaroja.com.mx\/index.php?rest_route=\/wp\/v2\/posts\/33967\/revisions"}],"predecessor-version":[{"id":33968,"href":"https:\/\/zonaroja.com.mx\/index.php?rest_route=\/wp\/v2\/posts\/33967\/revisions\/33968"}],"wp:featuredmedia":[{"embeddable":true,"href":"https:\/\/zonaroja.com.mx\/index.php?rest_route=\/wp\/v2\/media\/31187"}],"wp:attachment":[{"href":"https:\/\/zonaroja.com.mx\/index.php?rest_route=%2Fwp%2Fv2%2Fmedia&parent=33967"}],"wp:term":[{"taxonomy":"category","embeddable":true,"href":"https:\/\/zonaroja.com.mx\/index.php?rest_route=%2Fwp%2Fv2%2Fcategories&post=33967"},{"taxonomy":"post_tag","embeddable":true,"href":"https:\/\/zonaroja.com.mx\/index.php?rest_route=%2Fwp%2Fv2%2Ftags&post=33967"}],"curies":[{"name":"wp","href":"https:\/\/api.w.org\/{rel}","templated":true}]}}