{"id":33969,"date":"2021-11-05T20:16:00","date_gmt":"2021-11-06T02:16:00","guid":{"rendered":"http:\/\/www.zonaroja.com.mx\/?p=33969"},"modified":"2021-11-05T20:17:51","modified_gmt":"2021-11-06T02:17:51","slug":"revoca-tribunal-federal-sentencia-de-teeo-y-da-validez-a-triunfo-en-chiltepec","status":"publish","type":"post","link":"https:\/\/zonaroja.com.mx\/?p=33969","title":{"rendered":"Revoca Tribunal Federal sentencia de TEEO y da validez a triunfo en Chiltepec"},"content":{"rendered":"\n<p>Redacci\u00f3n\/Zona Roja. Foto: Archivo<\/p>\n\n\n\n<p>Oaxaca de Ju\u00e1rez, Oax., 5 de noviembre de 2021.- En sesi\u00f3n p\u00fablica celebrada por el sistema de videoconferencia, la Sala Regional Xalapa del Tribunal Electoral del Poder Judicial de la Federaci\u00f3n (TEPJF) revoc\u00f3 la sentencia del Tribunal Electoral del Estado de Oaxaca (TEEO) que, entre otras cuestiones, declar\u00f3 la nulidad de la elecci\u00f3n de concejal\u00edas al ayuntamiento de San Jos\u00e9 Chiltepec.<\/p>\n\n\n\n<p>El TEEO anul\u00f3 la elecci\u00f3n al considerar que la violencia y quema de los paquetes electorales, ocurrida el d\u00eda de la sesi\u00f3n especial de c\u00f3mputo municipal, afect\u00f3 el principio de certeza que debe imperar en cada elecci\u00f3n.<\/p>\n\n\n\n<p>Por su parte, el Pleno de la Sala determin\u00f3 que, con base en las constancias que obran en el expediente, se advirti\u00f3 que los hechos de violencia se suscitaron con posterioridad al escrutinio y c\u00f3mputo de la votaci\u00f3n recibida en las casillas; a la publicaci\u00f3n de los resultados; a la guarda y custodia de la paqueter\u00eda electoral.<\/p>\n\n\n\n<p>As\u00ed como al c\u00f3mputo realizado de nueve de las casillas, aunado a que no existe se\u00f1alamiento alguno respecto de la alteraci\u00f3n de la documentaci\u00f3n electoral hasta antes de que ocurriera la destrucci\u00f3n de la paqueter\u00eda electoral.<\/p>\n\n\n\n<p>Por tanto, conforme al principio de conservaci\u00f3n de los actos p\u00fablicos v\u00e1lidamente celebrados, la Sala determin\u00f3 que lo resuelto por el TEEO carece de sustento jur\u00eddico ya que, como lo afirman los enjuiciantes, dej\u00f3 de considerar que en el caso existen los elementos id\u00f3neos y suficientes para reconstruir con plena certeza los resultados de la elecci\u00f3n.<\/p>\n\n\n\n<p><div class=\"twitter-tweet\"><blockquote class=\"twitter-tweet\" data-lang=\"es\"><p lang=\"es\" dir=\"ltr\">\ud835\udc12\ud835\udc04\ud835\udc12\ud835\udc08\ud835\udc0e\u0301\ud835\udc0d \ud835\udc0d\ud835\udc0e \ud835\udc0f\ud835\udc11\ud835\udc04\ud835\udc12\ud835\udc04\ud835\udc0d\ud835\udc02\ud835\udc08\ud835\udc00\ud835\udc0b  l 05 de noviembre de 2021<a href=\"https:\/\/twitter.com\/hashtag\/Destacado?src=hash&amp;ref_src=twsrc%5Etfw\">#Destacado<\/a> informativo <a href=\"https:\/\/twitter.com\/hashtag\/SalaXalapa?src=hash&amp;ref_src=twsrc%5Etfw\">#SalaXalapa<\/a> I <a href=\"https:\/\/twitter.com\/hashtag\/TEPJF?src=hash&amp;ref_src=twsrc%5Etfw\">#TEPJF<\/a> <a href=\"https:\/\/t.co\/8HUdN5klTe\">pic.twitter.com\/8HUdN5klTe<\/a><\/p>&mdash; Sala Xalapa (@TEPJF_XAL) <a href=\"https:\/\/twitter.com\/TEPJF_XAL\/status\/1456732605387264000?ref_src=twsrc%5Etfw\">5 de noviembre de 2021<\/a><\/blockquote><\/div><\/p>\n\n\n\n<p>Como consecuencia de lo anterior, se confirmaron los resultados del acta de c\u00f3mputo municipal de la elecci\u00f3n municipal de San Jos\u00e9 Chiltepec, Oaxaca, emitida por el Consejo Municipal Electoral del Instituto Estatal Electoral y de Participaci\u00f3n Ciudadana de Oaxaca (IEEPCO).<\/p>\n\n\n\n<p>As\u00ed como la declaraci\u00f3n de validez de la elecci\u00f3n referida y el otorgamiento de la constancia de mayor\u00eda y validez de la elecci\u00f3n a favor de la planilla postulada por el partido Nueva Alianza Oaxaca, que encabeza Javier Mart\u00ednez L\u00f3pez. Asimismo, se orden\u00f3 al IEEPCO que emita la constancia de mayor\u00eda y validez a la planilla ganadora.<\/p>\n\n\n\n<p>En otro tema, al resolver siete juicios de revisi\u00f3n constitucional electoral y un juicio ciudadano federal, la Sala Regional Xalapa confirm\u00f3 los resultados de las elecciones celebradas en cinco municipios de los estados de Oaxaca y Veracruz, as\u00ed como la entrega de las constancias de mayor\u00eda y validez respectivas.<\/p>\n\n\n\n<p>En este sentido, por cuanto hace al estado de Oaxaca, se confirm\u00f3 el c\u00f3mputo de las elecciones de tres municipios, como se precisa a continuaci\u00f3n:<\/p>\n\n\n\n<p>En el municipio de San Dionisio del Mar, se confirm\u00f3 el c\u00f3mputo de la elecci\u00f3n, as\u00ed como la entrega de la constancia de mayor\u00eda y validez respectiva, a la planilla postulada por la Coalici\u00f3n \u201cVa por Oaxaca\u201d \u2013integrada por los partidos Acci\u00f3n Nacional (PAN), Revolucionario Institucional (PRI) y de la Revoluci\u00f3n Democr\u00e1tica (PRD)\u2013.<\/p>\n\n\n\n<p>Por otra parte, en los municipios de El Espinal y Santa Mar\u00eda Huatulco, se confirm\u00f3 la validez de las elecciones, as\u00ed como la entrega de las constancias de mayor\u00eda y validez a las planillas postuladas por los partidos Encuentro Solidario (PES) y Morena, respectivamente.<\/p>\n\n\n\n<p><div class=\"twitter-tweet\"><blockquote class=\"twitter-tweet\" data-lang=\"es\"><p lang=\"es\" dir=\"ltr\">\ud835\udc12\ud835\udc04\ud835\udc12\ud835\udc08\ud835\udc0e\u0301\ud835\udc0d \ud835\udc0d\ud835\udc0e \ud835\udc0f\ud835\udc11\ud835\udc04\ud835\udc12\ud835\udc04\ud835\udc0d\ud835\udc02\ud835\udc08\ud835\udc00\ud835\udc0b  l 05 de noviembre de 2021<a href=\"https:\/\/twitter.com\/hashtag\/Destacado?src=hash&amp;ref_src=twsrc%5Etfw\">#Destacado<\/a> informativo <a href=\"https:\/\/twitter.com\/hashtag\/SalaXalapa?src=hash&amp;ref_src=twsrc%5Etfw\">#SalaXalapa<\/a> I <a href=\"https:\/\/twitter.com\/hashtag\/TEPJF?src=hash&amp;ref_src=twsrc%5Etfw\">#TEPJF<\/a> <a href=\"https:\/\/t.co\/WcdTO86amC\">pic.twitter.com\/WcdTO86amC<\/a><\/p>&mdash; Sala Xalapa (@TEPJF_XAL) <a href=\"https:\/\/twitter.com\/TEPJF_XAL\/status\/1456732444162510852?ref_src=twsrc%5Etfw\">5 de noviembre de 2021<\/a><\/blockquote><\/div><\/p>\n","protected":false},"excerpt":{"rendered":"<p>Redacci\u00f3n\/Zona Roja. Foto: Archivo Oaxaca de Ju\u00e1rez, Oax., 5 de noviembre de 2021.- En sesi\u00f3n&hellip;<\/p>\n","protected":false},"author":2,"featured_media":33970,"comment_status":"closed","ping_status":"open","sticky":false,"template":"","format":"standard","meta":{"_lmt_disableupdate":"","_lmt_disable":"","_jetpack_memberships_contains_paid_content":false,"footnotes":""},"categories":[109,47],"tags":[1616],"class_list":["post-33969","post","type-post","status-publish","format-standard","has-post-thumbnail","hentry","category-minuto-a-minuto","category-zona-gris","tag-san-jose-chiltepec"],"jetpack_featured_media_url":"https:\/\/zonaroja.com.mx\/wp-content\/uploads\/2021\/11\/Javier-Martinez-San-Jose-Chiltepec.jpg","jetpack_sharing_enabled":true,"_links":{"self":[{"href":"https:\/\/zonaroja.com.mx\/index.php?rest_route=\/wp\/v2\/posts\/33969","targetHints":{"allow":["GET"]}}],"collection":[{"href":"https:\/\/zonaroja.com.mx\/index.php?rest_route=\/wp\/v2\/posts"}],"about":[{"href":"https:\/\/zonaroja.com.mx\/index.php?rest_route=\/wp\/v2\/types\/post"}],"author":[{"embeddable":true,"href":"https:\/\/zonaroja.com.mx\/index.php?rest_route=\/wp\/v2\/users\/2"}],"replies":[{"embeddable":true,"href":"https:\/\/zonaroja.com.mx\/index.php?rest_route=%2Fwp%2Fv2%2Fcomments&post=33969"}],"version-history":[{"count":3,"href":"https:\/\/zonaroja.com.mx\/index.php?rest_route=\/wp\/v2\/posts\/33969\/revisions"}],"predecessor-version":[{"id":33973,"href":"https:\/\/zonaroja.com.mx\/index.php?rest_route=\/wp\/v2\/posts\/33969\/revisions\/33973"}],"wp:featuredmedia":[{"embeddable":true,"href":"https:\/\/zonaroja.com.mx\/index.php?rest_route=\/wp\/v2\/media\/33970"}],"wp:attachment":[{"href":"https:\/\/zonaroja.com.mx\/index.php?rest_route=%2Fwp%2Fv2%2Fmedia&parent=33969"}],"wp:term":[{"taxonomy":"category","embeddable":true,"href":"https:\/\/zonaroja.com.mx\/index.php?rest_route=%2Fwp%2Fv2%2Fcategories&post=33969"},{"taxonomy":"post_tag","embeddable":true,"href":"https:\/\/zonaroja.com.mx\/index.php?rest_route=%2Fwp%2Fv2%2Ftags&post=33969"}],"curies":[{"name":"wp","href":"https:\/\/api.w.org\/{rel}","templated":true}]}}