{"id":33974,"date":"2021-11-05T22:06:41","date_gmt":"2021-11-06T04:06:41","guid":{"rendered":"http:\/\/www.zonaroja.com.mx\/?p=33974"},"modified":"2021-11-05T22:06:44","modified_gmt":"2021-11-06T04:06:44","slug":"confirma-fiscalia-hallazgo-de-dos-cuerpos-en-fosa-clandestina-en-el-istmo","status":"publish","type":"post","link":"https:\/\/zonaroja.com.mx\/?p=33974","title":{"rendered":"Confirma Fiscal\u00eda hallazgo de dos cuerpos en fosa clandestina en el Istmo"},"content":{"rendered":"\n<p>Redacci\u00f3n\/Zona Roja.<\/p>\n\n\n\n<p>Oaxaca de Ju\u00e1rez, Oax., 5 de noviembre de 2021.- Dos cuerpos, con huellas de tortura y presuntamente disparos de arma de fuego, fueron localizados hoy en una fosa clandestina en la regi\u00f3n del Istmo de Tehuantepec.<\/p>\n\n\n\n<p>La Fiscal\u00eda General del Estado de Oaxaca confirm\u00f3 el hallazgo, en inmediaciones de la supercarretera Tehuantepec-Mitla, en jurisdicci\u00f3n del municipio de Santiago Lachiguiri.<\/p>\n\n\n\n<p>Por ello, inici\u00f3 la Carpeta de Investigaci\u00f3n 36378\/FIST\/TEHUANTEPEC\/2020 por el delito de homicidio e inhumaci\u00f3n clandestina.<\/p>\n\n\n\n<p>Dio a conocer que este viernes despleg\u00f3 personal multidisciplinario en el lugar para realizar las diligencias en materia de criminal\u00edstica y planimetr\u00eda, a fin de esclarecer este hecho.<\/p>\n\n\n\n<p>De acuerdo con los primeros reportes, la fosa fue localizada desde ayer, a un costado de dicha v\u00eda federal, a la altura del kil\u00f3metro 135+200.<\/p>\n\n\n\n<p>Los cuerpos de personas del sexo masculino fueron encontrados maniatados y con signos de tortura, adem\u00e1s de disparos de arma de fuego; hasta el momento no han sido identificados.<\/p>\n\n\n\n<figure class=\"wp-block-embed is-type-rich is-provider-twitter wp-block-embed-twitter\"><div class=\"wp-block-embed__wrapper\">\n<div class=\"twitter-tweet\"><blockquote class=\"twitter-tweet\" data-lang=\"es\"><p lang=\"es\" dir=\"ltr\">Este viernes, la <a href=\"https:\/\/twitter.com\/hashtag\/FGEO?src=hash&amp;ref_src=twsrc%5Etfw\">#FGEO<\/a> despleg\u00f3 a su personal multidisciplinario en el lugar para realizar las diligencias en materia de criminal\u00edstica y planimetr\u00eda, a fin de esclarecer este hecho (2\/2). <a href=\"https:\/\/t.co\/m7bAq0t3pT\">pic.twitter.com\/m7bAq0t3pT<\/a><\/p>&mdash; Fiscal\u00eda General (@FISCALIA_GobOax) <a href=\"https:\/\/twitter.com\/FISCALIA_GobOax\/status\/1456813999564152840?ref_src=twsrc%5Etfw\">6 de noviembre de 2021<\/a><\/blockquote><\/div>\n<\/div><\/figure>\n","protected":false},"excerpt":{"rendered":"<p>Redacci\u00f3n\/Zona Roja. Oaxaca de Ju\u00e1rez, Oax., 5 de noviembre de 2021.- Dos cuerpos, con huellas&hellip;<\/p>\n","protected":false},"author":2,"featured_media":33975,"comment_status":"closed","ping_status":"open","sticky":false,"template":"","format":"standard","meta":{"_lmt_disableupdate":"","_lmt_disable":"","_jetpack_memberships_contains_paid_content":false,"footnotes":""},"categories":[109,47],"tags":[2941],"class_list":["post-33974","post","type-post","status-publish","format-standard","has-post-thumbnail","hentry","category-minuto-a-minuto","category-zona-gris","tag-santiago-lachiguiri"],"jetpack_featured_media_url":"https:\/\/zonaroja.com.mx\/wp-content\/uploads\/2021\/11\/Fosa-Istmo.jpg","jetpack_sharing_enabled":true,"_links":{"self":[{"href":"https:\/\/zonaroja.com.mx\/index.php?rest_route=\/wp\/v2\/posts\/33974","targetHints":{"allow":["GET"]}}],"collection":[{"href":"https:\/\/zonaroja.com.mx\/index.php?rest_route=\/wp\/v2\/posts"}],"about":[{"href":"https:\/\/zonaroja.com.mx\/index.php?rest_route=\/wp\/v2\/types\/post"}],"author":[{"embeddable":true,"href":"https:\/\/zonaroja.com.mx\/index.php?rest_route=\/wp\/v2\/users\/2"}],"replies":[{"embeddable":true,"href":"https:\/\/zonaroja.com.mx\/index.php?rest_route=%2Fwp%2Fv2%2Fcomments&post=33974"}],"version-history":[{"count":1,"href":"https:\/\/zonaroja.com.mx\/index.php?rest_route=\/wp\/v2\/posts\/33974\/revisions"}],"predecessor-version":[{"id":33976,"href":"https:\/\/zonaroja.com.mx\/index.php?rest_route=\/wp\/v2\/posts\/33974\/revisions\/33976"}],"wp:featuredmedia":[{"embeddable":true,"href":"https:\/\/zonaroja.com.mx\/index.php?rest_route=\/wp\/v2\/media\/33975"}],"wp:attachment":[{"href":"https:\/\/zonaroja.com.mx\/index.php?rest_route=%2Fwp%2Fv2%2Fmedia&parent=33974"}],"wp:term":[{"taxonomy":"category","embeddable":true,"href":"https:\/\/zonaroja.com.mx\/index.php?rest_route=%2Fwp%2Fv2%2Fcategories&post=33974"},{"taxonomy":"post_tag","embeddable":true,"href":"https:\/\/zonaroja.com.mx\/index.php?rest_route=%2Fwp%2Fv2%2Ftags&post=33974"}],"curies":[{"name":"wp","href":"https:\/\/api.w.org\/{rel}","templated":true}]}}