{"id":3398,"date":"2019-08-25T21:42:33","date_gmt":"2019-08-26T02:42:33","guid":{"rendered":"http:\/\/www.zonaroja.com.mx\/?p=3398"},"modified":"2019-08-25T21:42:35","modified_gmt":"2019-08-26T02:42:35","slug":"muere-joven-ahogado-en-balneario-de-la-region-de-la-cuenca","status":"publish","type":"post","link":"https:\/\/zonaroja.com.mx\/?p=3398","title":{"rendered":"Muere joven ahogado en balneario de la regi\u00f3n de la Cuenca"},"content":{"rendered":"\n<p>Redacci\u00f3n\/Zona\nRoja<\/p>\n\n\n\n<p>Oaxaca de\nJu\u00e1rez, Oax., 25 de agosto de 2019.- Un joven de aproximadamente 23 a\u00f1os de\nedad perdi\u00f3 la vida este domingo, al ahogarse en el balneario \u201cZuzul\u201d, en la\nregi\u00f3n de la Cuenca del Papaloapan.<\/p>\n\n\n\n<p>De acuerdo\ncon reportes de las corporaciones de seguridad y protecci\u00f3n civil municipal, Jos\u00e9\nRafael se tir\u00f3 al agua para salvar a su hermano, que se ahogaba al ser\narrastrado por la corriente del r\u00edo \u201cValle Nacional\u201d, que forma parte del\ncentro de diversi\u00f3n localizado en la comunidad de Vega del Sol, municipio de\nSanta Mar\u00eda Jacatepec.<\/p>\n\n\n\n<p>Tras\naventarse al agua, logr\u00f3 rescatarlo, pero fue arrastrado por las aguas por lo\nque r\u00edo abajo fue rescatado sin vida.<\/p>\n\n\n\n<p>Los\nfamiliares se consternaron por la p\u00e9rdida de uno de sus v\u00e1stagos, que reci\u00e9n\nhab\u00eda terminado su carrera profesional en el ramo de la enfermer\u00eda.<\/p>\n","protected":false},"excerpt":{"rendered":"<p>Redacci\u00f3n\/Zona Roja Oaxaca de Ju\u00e1rez, Oax., 25 de agosto de 2019.- Un joven de aproximadamente&hellip;<\/p>\n","protected":false},"author":2,"featured_media":3399,"comment_status":"closed","ping_status":"open","sticky":false,"template":"","format":"standard","meta":{"_lmt_disableupdate":"","_lmt_disable":"","_jetpack_memberships_contains_paid_content":false,"footnotes":""},"categories":[109,51],"tags":[621],"class_list":["post-3398","post","type-post","status-publish","format-standard","has-post-thumbnail","hentry","category-minuto-a-minuto","category-zona-roja","tag-ahogado-zuzul"],"jetpack_featured_media_url":"https:\/\/zonaroja.com.mx\/wp-content\/uploads\/2019\/08\/zuzul.jpg","jetpack_sharing_enabled":true,"_links":{"self":[{"href":"https:\/\/zonaroja.com.mx\/index.php?rest_route=\/wp\/v2\/posts\/3398","targetHints":{"allow":["GET"]}}],"collection":[{"href":"https:\/\/zonaroja.com.mx\/index.php?rest_route=\/wp\/v2\/posts"}],"about":[{"href":"https:\/\/zonaroja.com.mx\/index.php?rest_route=\/wp\/v2\/types\/post"}],"author":[{"embeddable":true,"href":"https:\/\/zonaroja.com.mx\/index.php?rest_route=\/wp\/v2\/users\/2"}],"replies":[{"embeddable":true,"href":"https:\/\/zonaroja.com.mx\/index.php?rest_route=%2Fwp%2Fv2%2Fcomments&post=3398"}],"version-history":[{"count":1,"href":"https:\/\/zonaroja.com.mx\/index.php?rest_route=\/wp\/v2\/posts\/3398\/revisions"}],"predecessor-version":[{"id":3400,"href":"https:\/\/zonaroja.com.mx\/index.php?rest_route=\/wp\/v2\/posts\/3398\/revisions\/3400"}],"wp:featuredmedia":[{"embeddable":true,"href":"https:\/\/zonaroja.com.mx\/index.php?rest_route=\/wp\/v2\/media\/3399"}],"wp:attachment":[{"href":"https:\/\/zonaroja.com.mx\/index.php?rest_route=%2Fwp%2Fv2%2Fmedia&parent=3398"}],"wp:term":[{"taxonomy":"category","embeddable":true,"href":"https:\/\/zonaroja.com.mx\/index.php?rest_route=%2Fwp%2Fv2%2Fcategories&post=3398"},{"taxonomy":"post_tag","embeddable":true,"href":"https:\/\/zonaroja.com.mx\/index.php?rest_route=%2Fwp%2Fv2%2Ftags&post=3398"}],"curies":[{"name":"wp","href":"https:\/\/api.w.org\/{rel}","templated":true}]}}