{"id":33983,"date":"2021-11-06T07:51:03","date_gmt":"2021-11-06T13:51:03","guid":{"rendered":"http:\/\/www.zonaroja.com.mx\/?p=33983"},"modified":"2021-11-06T11:01:00","modified_gmt":"2021-11-06T17:01:00","slug":"victimas-de-nochixtlan-a-amlo-limitada-comision-de-la-verdad","status":"publish","type":"post","link":"https:\/\/zonaroja.com.mx\/?p=33983","title":{"rendered":"V\u00edctimas de Nochixtl\u00e1n critican a AMLO limitada Comisi\u00f3n de la Verdad"},"content":{"rendered":"\n<p>Ismael Garc\u00eda M.\/Zona Roja.<\/p>\n\n\n\n<p>Oaxaca de Ju\u00e1rez, Oax., 6 de noviembre de 2021.- Integrantes del Comit\u00e9 de V\u00edctimas de Nochixtl\u00e1n presentaron un amparo ante la justicia federal, por las limitaciones impuestas a la Comisi\u00f3n de la Verdad avalada por el Presidente Andr\u00e9s Manuel L\u00f3pez Obrador.<\/p>\n\n\n\n<p>Un grupo de activistas, afectados por la violencia del 19 de junio de 2016, tras el intento de desalojo de bloqueos a vialidades en Asunci\u00f3n Nochixtl\u00e1n, acudi\u00f3 ayer a la sede del Poder Judicial Federal, para presentar una demanda de amparo en contra del decreto por el cual se cre\u00f3 la Comisi\u00f3n de Acceso a la Verdad, el Esclarecimiento Hist\u00f3rico y el Impulso a la Justicia de las violaciones graves a derechos humanos, cometidas de 1965 a 1990.<\/p>\n\n\n\n<p>El decreto fue publicado este 5 de octubre en el Diario Oficial de la Federaci\u00f3n, lo que inconform\u00f3 a las v\u00edctimas de Nochixtl\u00e1n, pues no incluye lapsos recientes, como es el caso de los hechos violentos del 2016.<\/p>\n\n\n\n<p>\u201cA pesar de que ha existido un cambio en el gobierno federal, a tres a\u00f1os de su arribo al poder, hemos comprendido que el esclarecimiento de los hechos de Nochixtl\u00e1n no est\u00e1 en la agenda del Presidente de la Rep\u00fablica.<\/p>\n\n\n\n<p>\u201cHemos comprendido que tenemos que seguir remando contra la corriente para que las v\u00edctimas de Nochixtl\u00e1n no quedemos en el olvido como las miles de v\u00edctimas que el gobierno no ha escuchado en nuestro pa\u00eds\u201d, expusieron en un comunicado.<\/p>\n\n\n\n<p>A\u00f1adieron que la Comisi\u00f3n de la Verdad para investigar casos graves de 1965 a 1990, \u201csin dura representar\u00e1 una esperanza para miles de v\u00edctimas y sus familias que durante muchos a\u00f1os no pudieron ver una se\u00f1al de justicia en cada uno de sus casos.<\/p>\n\n\n\n<p>\u201cSin embargo, las v\u00edctimas de Nochixtl\u00e1n nos sentimos excluidas porque al igual que el anterior gobierno a \u00e9ste, actualmente nos han cerrado las puertas para que la verdad llegue. Desde hace m\u00e1s de cinco a\u00f1os hemos estado luchando por los derechos que nos corresponden y hemos podido lograr avances m\u00ednimos\u201d, detallaron.<\/p>\n\n\n\n<p>Criticaron la actitud del Presidente de M\u00e9xico \u201cque no quiere voltear a Nochixtl\u00e1n para esclarecer los hechos de aquel domingo negro que nos marc\u00f3 la vida\u201d.<\/p>\n\n\n\n<p>Convocaron a otras organizaciones sociales y v\u00edctimas de hechos posteriores a 100\u2019 para que se unan a esta causa jur\u00eddica y se pugne de manera conjunta el decreto reci\u00e9n promulgado.<\/p>\n","protected":false},"excerpt":{"rendered":"<p>Ismael Garc\u00eda M.\/Zona Roja. Oaxaca de Ju\u00e1rez, Oax., 6 de noviembre de 2021.- Integrantes del&hellip;<\/p>\n","protected":false},"author":2,"featured_media":33984,"comment_status":"closed","ping_status":"open","sticky":false,"template":"","format":"standard","meta":{"_lmt_disableupdate":"","_lmt_disable":"","_jetpack_memberships_contains_paid_content":false,"footnotes":""},"categories":[109,46],"tags":[249],"class_list":["post-33983","post","type-post","status-publish","format-standard","has-post-thumbnail","hentry","category-minuto-a-minuto","category-zona-blanca","tag-comite-de-victimas-nochixtlan"],"jetpack_featured_media_url":"https:\/\/zonaroja.com.mx\/wp-content\/uploads\/2021\/11\/Comite-de-Victimas-Nochixtlan-amparo.jpg","jetpack_sharing_enabled":true,"_links":{"self":[{"href":"https:\/\/zonaroja.com.mx\/index.php?rest_route=\/wp\/v2\/posts\/33983","targetHints":{"allow":["GET"]}}],"collection":[{"href":"https:\/\/zonaroja.com.mx\/index.php?rest_route=\/wp\/v2\/posts"}],"about":[{"href":"https:\/\/zonaroja.com.mx\/index.php?rest_route=\/wp\/v2\/types\/post"}],"author":[{"embeddable":true,"href":"https:\/\/zonaroja.com.mx\/index.php?rest_route=\/wp\/v2\/users\/2"}],"replies":[{"embeddable":true,"href":"https:\/\/zonaroja.com.mx\/index.php?rest_route=%2Fwp%2Fv2%2Fcomments&post=33983"}],"version-history":[{"count":2,"href":"https:\/\/zonaroja.com.mx\/index.php?rest_route=\/wp\/v2\/posts\/33983\/revisions"}],"predecessor-version":[{"id":33990,"href":"https:\/\/zonaroja.com.mx\/index.php?rest_route=\/wp\/v2\/posts\/33983\/revisions\/33990"}],"wp:featuredmedia":[{"embeddable":true,"href":"https:\/\/zonaroja.com.mx\/index.php?rest_route=\/wp\/v2\/media\/33984"}],"wp:attachment":[{"href":"https:\/\/zonaroja.com.mx\/index.php?rest_route=%2Fwp%2Fv2%2Fmedia&parent=33983"}],"wp:term":[{"taxonomy":"category","embeddable":true,"href":"https:\/\/zonaroja.com.mx\/index.php?rest_route=%2Fwp%2Fv2%2Fcategories&post=33983"},{"taxonomy":"post_tag","embeddable":true,"href":"https:\/\/zonaroja.com.mx\/index.php?rest_route=%2Fwp%2Fv2%2Ftags&post=33983"}],"curies":[{"name":"wp","href":"https:\/\/api.w.org\/{rel}","templated":true}]}}