{"id":33993,"date":"2021-11-06T16:31:03","date_gmt":"2021-11-06T22:31:03","guid":{"rendered":"https:\/\/www.zonaroja.com.mx\/?p=33993"},"modified":"2021-11-06T16:31:20","modified_gmt":"2021-11-06T22:31:20","slug":"resurge-conflicto-quetzaltepec-chuxnaban-dos-personas-asesinadas","status":"publish","type":"post","link":"https:\/\/zonaroja.com.mx\/?p=33993","title":{"rendered":"Resurge conflicto Quetzaltepec-Chuxnab\u00e1n: dos personas asesinadas"},"content":{"rendered":"\n<p>Redacci\u00f3n\/Zona Roja.<\/p>\n\n\n\n<p>Oaxaca de Ju\u00e1rez, Oax., 6 de noviembre de 2021.- El a\u00f1ejo conflicto agrario y por los recursos presupuestales, entre el municipio de San Miguel Quetzaltepec y la agencia de San Juan Bosco Chuxnab\u00e1n, resurgi\u00f3 con violencia este s\u00e1bado.<\/p>\n\n\n\n<p>De acuerdo con informes preliminares, un grupo de pobladores de Quetzaltepec fue emboscado alrededor del mediod\u00eda de hoy, con saldo de dos personas fallecidas y dos m\u00e1s lesionadas, por disparos de arma de fuego.<\/p>\n\n\n\n<p>Los hechos sucedieron n inmediaciones de la rancher\u00eda Piedra Colorada, donde un grupo de campesinos labraba la tierra, cuando fueron emboscados y agredidos a balazos.<\/p>\n\n\n\n<p>Hasta el momento ni la Fiscal\u00eda General del Estado de Oaxaca ni la Secretar\u00eda de Seguridad P\u00fablica han emitido informaci\u00f3n al respecto.<\/p>\n","protected":false},"excerpt":{"rendered":"<p>Redacci\u00f3n\/Zona Roja. Oaxaca de Ju\u00e1rez, Oax., 6 de noviembre de 2021.- El a\u00f1ejo conflicto agrario&hellip;<\/p>\n","protected":false},"author":2,"featured_media":2280,"comment_status":"closed","ping_status":"open","sticky":false,"template":"","format":"standard","meta":{"_lmt_disableupdate":"","_lmt_disable":"","_jetpack_memberships_contains_paid_content":false,"footnotes":""},"categories":[1,51],"tags":[],"class_list":["post-33993","post","type-post","status-publish","format-standard","has-post-thumbnail","hentry","category-sin-categoria","category-zona-roja"],"jetpack_featured_media_url":"https:\/\/zonaroja.com.mx\/wp-content\/uploads\/2019\/07\/San-Miguel-Quetzaltepec.jpg","jetpack_sharing_enabled":true,"_links":{"self":[{"href":"https:\/\/zonaroja.com.mx\/index.php?rest_route=\/wp\/v2\/posts\/33993","targetHints":{"allow":["GET"]}}],"collection":[{"href":"https:\/\/zonaroja.com.mx\/index.php?rest_route=\/wp\/v2\/posts"}],"about":[{"href":"https:\/\/zonaroja.com.mx\/index.php?rest_route=\/wp\/v2\/types\/post"}],"author":[{"embeddable":true,"href":"https:\/\/zonaroja.com.mx\/index.php?rest_route=\/wp\/v2\/users\/2"}],"replies":[{"embeddable":true,"href":"https:\/\/zonaroja.com.mx\/index.php?rest_route=%2Fwp%2Fv2%2Fcomments&post=33993"}],"version-history":[{"count":1,"href":"https:\/\/zonaroja.com.mx\/index.php?rest_route=\/wp\/v2\/posts\/33993\/revisions"}],"predecessor-version":[{"id":33994,"href":"https:\/\/zonaroja.com.mx\/index.php?rest_route=\/wp\/v2\/posts\/33993\/revisions\/33994"}],"wp:featuredmedia":[{"embeddable":true,"href":"https:\/\/zonaroja.com.mx\/index.php?rest_route=\/wp\/v2\/media\/2280"}],"wp:attachment":[{"href":"https:\/\/zonaroja.com.mx\/index.php?rest_route=%2Fwp%2Fv2%2Fmedia&parent=33993"}],"wp:term":[{"taxonomy":"category","embeddable":true,"href":"https:\/\/zonaroja.com.mx\/index.php?rest_route=%2Fwp%2Fv2%2Fcategories&post=33993"},{"taxonomy":"post_tag","embeddable":true,"href":"https:\/\/zonaroja.com.mx\/index.php?rest_route=%2Fwp%2Fv2%2Ftags&post=33993"}],"curies":[{"name":"wp","href":"https:\/\/api.w.org\/{rel}","templated":true}]}}