{"id":34003,"date":"2021-11-07T09:00:00","date_gmt":"2021-11-07T15:00:00","guid":{"rendered":"http:\/\/www.zonaroja.com.mx\/?p=34003"},"modified":"2021-11-06T21:30:26","modified_gmt":"2021-11-07T03:30:26","slug":"lanzan-alerta-amber-por-desaparicion-de-menor-en-oaxaca","status":"publish","type":"post","link":"https:\/\/zonaroja.com.mx\/?p=34003","title":{"rendered":"Lanzan Alerta \u00c1mber por desaparici\u00f3n de menor en Oaxaca"},"content":{"rendered":"\n<p>Evlin Arag\u00f3n\/Zona Roja.<\/p>\n\n\n\n<p>Oaxaca de Ju\u00e1rez, Oax., 7 de noviembre de 2021.- La Fiscal\u00eda General del Estado de Oaxaca emiti\u00f3 este s\u00e1bado la Alerta \u00c1mber n\u00famero 18, por la desaparici\u00f3n de un menor de edad en la entidad.<\/p>\n\n\n\n<p>Se trata de Erwin Alexander Ruiz Villavicencio, de 12 a\u00f1os de edad, quien fue visto por \u00faltima vez este 6 de noviembre en Puerto Escondido, agencia de San Pedro Mixtepec y hasta la ma\u00f1ana de hoy no se sab\u00eda nada de su paradero.<\/p>\n\n\n\n<p>Por otra parte, Mar\u00eda Isabel Vaquera Fuentes, es otra de las m\u00e1s recientes j\u00f3venes desaparecidas en el estado, en lo que va de este mes de noviembre.<\/p>\n\n\n\n<p>De acuerdo con la ficha que difunde la Unidad de B\u00fasqueda de Personas Desaparecida y No Localizadas (DNOL), la joven de 18 a\u00f1os de edad fue vista por \u00faltima vez el pasado 3 de noviembre en el municipio de Juchit\u00e1n de Zaragoza, en la regi\u00f3n del Istmo.<\/p>\n\n\n\n<p>La ropa que vest\u00eda al momento de su desaparici\u00f3n era pantal\u00f3n de mezclilla rasgado de color azul marino, playera de colores con la leyenda \u201cTommy\u201d, tenis color blanca y una bolsa peque\u00f1a de color caf\u00e9.&nbsp;<\/p>\n\n\n\n<p>Su b\u00fasqueda ha movilizado a un importante grupo de personas originarias del Istmo de Tehuantepec que, a trav\u00e9s de sus redes sociales, denunciaron que la joven sali\u00f3 rumbo a su trabajo y nunca lleg\u00f3.&nbsp;<\/p>\n\n\n\n<p>A ella se une Isis F\u00e1tima Cervantes Antonio, de 15 a\u00f1os de edad, quien fue vista por \u00faltima vez el 31 de octubre en la colonia Reforma Agraria, perteneciente al municipio de Santa Cruz Xoxocotl\u00e1n.<\/p>\n\n\n\n<p>Su ficha de b\u00fasqueda refiere como se\u00f1as particulares un lunar en la frente y un piercing en la base de la nariz.&nbsp;<\/p>\n\n\n\n<p>As\u00ed mismo, Sheyli Joseline Velasco Garc\u00eda, de 17 a\u00f1os de edad, desaparecida el 30 de octubre, en la colonia Reforma, perteneciente a la capital de Oaxaca y cuya ficha se comenz\u00f3 a difundir hasta el primero de noviembre.&nbsp;<\/p>\n\n\n\n<p>Dentro de las j\u00f3venes desaparecidas se encuentra Lehidi Laura Soriana L\u00f3pez, de 16 a\u00f1os de edad, quien tambi\u00e9n fue vista por \u00faltima vez en la capital del estado, aunque un d\u00eda antes y de manera espec\u00edfica en la colonia Uni\u00f3n.<\/p>\n\n\n\n<p>En la lista tambi\u00e9n esta Ernestina Fulvia Ru\u00edz Ram\u00edrez, de 38 a\u00f1os de edad, vista por \u00faltima vez el 28 de octubre en Barrio Chocano, en el municipio de Asunci\u00f3n Nochixtl\u00e1n.<\/p>\n\n\n\n<p>Finalmente, y aunque su desaparici\u00f3n se registr\u00f3 el 17 de octubre, apenas este viernes 5 de noviembre fue activada la ficha de b\u00fasqueda de Ivet Noelia Peralta Nolasco, de 26 a\u00f1os de edad, a quien se le perdi\u00f3 el rastro en el Barrio Santa Cruz Tagolaba, de Santo Domingo Tehuantepec.<\/p>\n","protected":false},"excerpt":{"rendered":"<p>Evlin Arag\u00f3n\/Zona Roja. Oaxaca de Ju\u00e1rez, Oax., 7 de noviembre de 2021.- La Fiscal\u00eda General&hellip;<\/p>\n","protected":false},"author":2,"featured_media":34004,"comment_status":"closed","ping_status":"open","sticky":false,"template":"","format":"standard","meta":{"_lmt_disableupdate":"","_lmt_disable":"","_jetpack_memberships_contains_paid_content":false,"footnotes":""},"categories":[109,47],"tags":[455],"class_list":["post-34003","post","type-post","status-publish","format-standard","has-post-thumbnail","hentry","category-minuto-a-minuto","category-zona-gris","tag-mujeres-desaparecidas-oaxaca"],"jetpack_featured_media_url":"https:\/\/zonaroja.com.mx\/wp-content\/uploads\/2021\/11\/Desaparecidas-Oaxaca.jpg","jetpack_sharing_enabled":true,"_links":{"self":[{"href":"https:\/\/zonaroja.com.mx\/index.php?rest_route=\/wp\/v2\/posts\/34003","targetHints":{"allow":["GET"]}}],"collection":[{"href":"https:\/\/zonaroja.com.mx\/index.php?rest_route=\/wp\/v2\/posts"}],"about":[{"href":"https:\/\/zonaroja.com.mx\/index.php?rest_route=\/wp\/v2\/types\/post"}],"author":[{"embeddable":true,"href":"https:\/\/zonaroja.com.mx\/index.php?rest_route=\/wp\/v2\/users\/2"}],"replies":[{"embeddable":true,"href":"https:\/\/zonaroja.com.mx\/index.php?rest_route=%2Fwp%2Fv2%2Fcomments&post=34003"}],"version-history":[{"count":1,"href":"https:\/\/zonaroja.com.mx\/index.php?rest_route=\/wp\/v2\/posts\/34003\/revisions"}],"predecessor-version":[{"id":34005,"href":"https:\/\/zonaroja.com.mx\/index.php?rest_route=\/wp\/v2\/posts\/34003\/revisions\/34005"}],"wp:featuredmedia":[{"embeddable":true,"href":"https:\/\/zonaroja.com.mx\/index.php?rest_route=\/wp\/v2\/media\/34004"}],"wp:attachment":[{"href":"https:\/\/zonaroja.com.mx\/index.php?rest_route=%2Fwp%2Fv2%2Fmedia&parent=34003"}],"wp:term":[{"taxonomy":"category","embeddable":true,"href":"https:\/\/zonaroja.com.mx\/index.php?rest_route=%2Fwp%2Fv2%2Fcategories&post=34003"},{"taxonomy":"post_tag","embeddable":true,"href":"https:\/\/zonaroja.com.mx\/index.php?rest_route=%2Fwp%2Fv2%2Ftags&post=34003"}],"curies":[{"name":"wp","href":"https:\/\/api.w.org\/{rel}","templated":true}]}}