{"id":3401,"date":"2019-08-26T08:06:07","date_gmt":"2019-08-26T13:06:07","guid":{"rendered":"http:\/\/www.zonaroja.com.mx\/?p=3401"},"modified":"2019-08-25T22:07:22","modified_gmt":"2019-08-26T03:07:22","slug":"por-dos-anos-violo-en-repetidas-ocasiones-a-dos-adolescentes-en-la-costa","status":"publish","type":"post","link":"https:\/\/zonaroja.com.mx\/?p=3401","title":{"rendered":"Por dos a\u00f1os, viol\u00f3 en repetidas ocasiones a dos adolescentes en la Costa"},"content":{"rendered":"\n<p>Redacci\u00f3n\/Zona\nRoja.<\/p>\n\n\n\n<p>Oaxaca de\nJu\u00e1rez, Oax., 26 de agosto de 2019.- Durante casi dos a\u00f1os, un individuo viol\u00f3\nen reiteradas ocasiones a dos adolescentes, en una comunidad de la regi\u00f3n de la\nCosta de Oaxaca. <\/p>\n\n\n\n<p>Tras la\ndenuncia, el pasado s\u00e1bado, el probable agresor fue aprehendido por elementos\nde la Agencia Estatal de Investigaciones (AEI).<\/p>\n\n\n\n<p>De acuerdo\ncon la Fiscal\u00eda General del Estado de Oaxaca, el sujeto identificado como A. B.\nB., fue aprehendido este 24 de agosto en Barrio Chico, de la localidad de San\nLorenzo, distrito de Jamiltepec, siendo presentado inmediatamente ante la\nautoridad que lo requiri\u00f3.<\/p>\n\n\n\n<p>Seg\u00fan consta\nen la causa penal 340\/2019, en distintas fechas de los a\u00f1os 2018 y 2019, el\nprobable responsable viol\u00f3 a las adolescentes de 14 y 16 a\u00f1os de edad en su\ndomicilio, ubicado en la jurisdicci\u00f3n del municipio de San Agust\u00edn Chayuco.<\/p>\n\n\n\n<p>La situaci\u00f3n\nfue denunciada por la menor de las adolescentes el 11 de mayo de 2019, quien\nfue lesionada por el imputado al tratar de agredirla sexualmente nuevamente.<\/p>\n\n\n\n<p>El acusado\nfue puesto a disposici\u00f3n del Ministerio P\u00fablico y en audiencia celebrada el 24\nde agosto, la defensa del imputado solicit\u00f3 la ampliaci\u00f3n del t\u00e9rmino\nconstitucional, mismo que fenece el pr\u00f3ximo 30 de agosto de 2019.<\/p>\n","protected":false},"excerpt":{"rendered":"<p>Redacci\u00f3n\/Zona Roja. Oaxaca de Ju\u00e1rez, Oax., 26 de agosto de 2019.- Durante casi dos a\u00f1os,&hellip;<\/p>\n","protected":false},"author":2,"featured_media":3138,"comment_status":"closed","ping_status":"open","sticky":false,"template":"","format":"standard","meta":{"_lmt_disableupdate":"","_lmt_disable":"","_jetpack_memberships_contains_paid_content":false,"footnotes":""},"categories":[109,51],"tags":[494],"class_list":["post-3401","post","type-post","status-publish","format-standard","has-post-thumbnail","hentry","category-minuto-a-minuto","category-zona-roja","tag-fiscalia-general-del-estado-de-oaxaca"],"jetpack_featured_media_url":"https:\/\/zonaroja.com.mx\/wp-content\/uploads\/2019\/08\/Trata.jpg","jetpack_sharing_enabled":true,"_links":{"self":[{"href":"https:\/\/zonaroja.com.mx\/index.php?rest_route=\/wp\/v2\/posts\/3401","targetHints":{"allow":["GET"]}}],"collection":[{"href":"https:\/\/zonaroja.com.mx\/index.php?rest_route=\/wp\/v2\/posts"}],"about":[{"href":"https:\/\/zonaroja.com.mx\/index.php?rest_route=\/wp\/v2\/types\/post"}],"author":[{"embeddable":true,"href":"https:\/\/zonaroja.com.mx\/index.php?rest_route=\/wp\/v2\/users\/2"}],"replies":[{"embeddable":true,"href":"https:\/\/zonaroja.com.mx\/index.php?rest_route=%2Fwp%2Fv2%2Fcomments&post=3401"}],"version-history":[{"count":1,"href":"https:\/\/zonaroja.com.mx\/index.php?rest_route=\/wp\/v2\/posts\/3401\/revisions"}],"predecessor-version":[{"id":3402,"href":"https:\/\/zonaroja.com.mx\/index.php?rest_route=\/wp\/v2\/posts\/3401\/revisions\/3402"}],"wp:featuredmedia":[{"embeddable":true,"href":"https:\/\/zonaroja.com.mx\/index.php?rest_route=\/wp\/v2\/media\/3138"}],"wp:attachment":[{"href":"https:\/\/zonaroja.com.mx\/index.php?rest_route=%2Fwp%2Fv2%2Fmedia&parent=3401"}],"wp:term":[{"taxonomy":"category","embeddable":true,"href":"https:\/\/zonaroja.com.mx\/index.php?rest_route=%2Fwp%2Fv2%2Fcategories&post=3401"},{"taxonomy":"post_tag","embeddable":true,"href":"https:\/\/zonaroja.com.mx\/index.php?rest_route=%2Fwp%2Fv2%2Ftags&post=3401"}],"curies":[{"name":"wp","href":"https:\/\/api.w.org\/{rel}","templated":true}]}}