{"id":34013,"date":"2021-11-07T07:27:34","date_gmt":"2021-11-07T13:27:34","guid":{"rendered":"http:\/\/www.zonaroja.com.mx\/?p=34013"},"modified":"2021-11-07T07:27:37","modified_gmt":"2021-11-07T13:27:37","slug":"denuncian-secuestro-de-tesorero-de-san-juan-mazatlan-mixe","status":"publish","type":"post","link":"https:\/\/zonaroja.com.mx\/?p=34013","title":{"rendered":"Denuncian secuestro de tesorero de San Juan Mazatl\u00e1n Mixe"},"content":{"rendered":"\n<p>Ismael Garc\u00eda M.\/Zona Roja.<\/p>\n\n\n\n<p>Oaxaca de Ju\u00e1rez, Oax., 7 de noviembre de 2021.- El tesorero del ayuntamiento de San Juan Mazatl\u00e1n Mixe, Gildardo Bautista L\u00f3pez, fue secuestrado ayer por un grupo armado, en la regi\u00f3n del Istmo de Tehuantepec.<\/p>\n\n\n\n<p>As\u00ed lo denunciaron sus familiares, entre ellos Daniel Bautista L\u00f3pez, quien acudi\u00f3 a la sede de la Agencia Estatal de Investigaciones (AEI) en Palomares, Mat\u00edas Romero, para presentar la queja formal.<\/p>\n\n\n\n<p>Seg\u00fan dio a conocer a las autoridades, fue alrededor de las 18:00 horas en que viajaba con su hermano a bordo de una camioneta marca Nissan, tipo NP300, sobre la carretera federal 185, a la altura de Palomares, cuando fueron interceptados por sujetos armados.<\/p>\n\n\n\n<p>Unas 20 a 25 personas los bajaron con violencia de su unidad de motor y se llevaron con rumbo desconocido a Gildardo Bautista L\u00f3pez, tesorero de San Juan Mazatl\u00e1n Mixe.<\/p>\n\n\n\n<p>Seg\u00fan el denunciante, entre los infractores de la ley logr\u00f3 reconocer Jorge Rodolfo L\u00f3pez Hilario, F\u00e9lix Santiago Miguel y Santiago Morales Garc\u00eda, autoridades agrarias y auxiliares de la comunidad de La Mixtequita.<\/p>\n\n\n\n<p>Ante ello, pidi\u00f3 la urgente intervenci\u00f3n de la Fiscal\u00eda General del Estado, con la finalidad de buscar y recuperar a su hermano.<\/p>\n\n\n\n<p>Desde hace dos semanas, pobladores de La Mixtequita bloquean un tramo carretero de la v\u00eda que comunica a Palomares con Tuxtepec, en demanda de recursos presupuestales a su cabecera municipal, San Juan Mazatl\u00e1n Mixe.<\/p>\n\n\n\n<p>Ayer comenzaron a retener unidades de motor de carga pesada, para presionar a la Secretar\u00eda General de Gobierno a fin de que intervenga y medie en este conflicto.<\/p>\n","protected":false},"excerpt":{"rendered":"<p>Ismael Garc\u00eda M.\/Zona Roja. Oaxaca de Ju\u00e1rez, Oax., 7 de noviembre de 2021.- El tesorero&hellip;<\/p>\n","protected":false},"author":2,"featured_media":34014,"comment_status":"closed","ping_status":"open","sticky":false,"template":"","format":"standard","meta":{"_lmt_disableupdate":"","_lmt_disable":"","_jetpack_memberships_contains_paid_content":false,"footnotes":""},"categories":[109,47],"tags":[933],"class_list":["post-34013","post","type-post","status-publish","format-standard","has-post-thumbnail","hentry","category-minuto-a-minuto","category-zona-gris","tag-san-juan-mazatlan-mixe"],"jetpack_featured_media_url":"https:\/\/zonaroja.com.mx\/wp-content\/uploads\/2021\/11\/Protesta-La-Mixtequita-San-Juan-Mazatlan-Mixe.jpg","jetpack_sharing_enabled":true,"_links":{"self":[{"href":"https:\/\/zonaroja.com.mx\/index.php?rest_route=\/wp\/v2\/posts\/34013","targetHints":{"allow":["GET"]}}],"collection":[{"href":"https:\/\/zonaroja.com.mx\/index.php?rest_route=\/wp\/v2\/posts"}],"about":[{"href":"https:\/\/zonaroja.com.mx\/index.php?rest_route=\/wp\/v2\/types\/post"}],"author":[{"embeddable":true,"href":"https:\/\/zonaroja.com.mx\/index.php?rest_route=\/wp\/v2\/users\/2"}],"replies":[{"embeddable":true,"href":"https:\/\/zonaroja.com.mx\/index.php?rest_route=%2Fwp%2Fv2%2Fcomments&post=34013"}],"version-history":[{"count":1,"href":"https:\/\/zonaroja.com.mx\/index.php?rest_route=\/wp\/v2\/posts\/34013\/revisions"}],"predecessor-version":[{"id":34015,"href":"https:\/\/zonaroja.com.mx\/index.php?rest_route=\/wp\/v2\/posts\/34013\/revisions\/34015"}],"wp:featuredmedia":[{"embeddable":true,"href":"https:\/\/zonaroja.com.mx\/index.php?rest_route=\/wp\/v2\/media\/34014"}],"wp:attachment":[{"href":"https:\/\/zonaroja.com.mx\/index.php?rest_route=%2Fwp%2Fv2%2Fmedia&parent=34013"}],"wp:term":[{"taxonomy":"category","embeddable":true,"href":"https:\/\/zonaroja.com.mx\/index.php?rest_route=%2Fwp%2Fv2%2Fcategories&post=34013"},{"taxonomy":"post_tag","embeddable":true,"href":"https:\/\/zonaroja.com.mx\/index.php?rest_route=%2Fwp%2Fv2%2Ftags&post=34013"}],"curies":[{"name":"wp","href":"https:\/\/api.w.org\/{rel}","templated":true}]}}