{"id":34019,"date":"2021-11-07T14:31:59","date_gmt":"2021-11-07T20:31:59","guid":{"rendered":"http:\/\/www.zonaroja.com.mx\/?p=34019"},"modified":"2021-11-07T14:32:05","modified_gmt":"2021-11-07T20:32:05","slug":"lila-downs-llevara-su-musica-y-raices-oaxaquenas-a-expo-dubai","status":"publish","type":"post","link":"https:\/\/zonaroja.com.mx\/?p=34019","title":{"rendered":"Lila Downs llevar\u00e1 su m\u00fasica y ra\u00edces oaxaque\u00f1as a Expo Dub\u00e1i"},"content":{"rendered":"\n<p>Redacci\u00f3n\/Zona Roja Cdmx.<\/p>\n\n\n\n<p>Ciudad de M\u00e9xico, 7 de noviembre de 2021.- Luciendo un vestido blanco ligero, Lila Downs ensay\u00f3 toda la tarde del s\u00e1bado en un peque\u00f1o sal\u00f3n conjunto a la Expo 2020 Dub\u00e1i, donde hoy presentar\u00e1 ante gente de distintas naciones la m\u00fasica mexicana.<\/p>\n\n\n\n<p>\u201cPara m\u00ed es un honor que consideren nuestro trabajo como una representaci\u00f3n de la gran diversidad y riqueza de nuestro pa\u00eds. Soy uno de los vivos testimonios de que la tradici\u00f3n puede convivir con la modernidad y en mi experiencia nos enriquece\u201d, coment\u00f3 la int\u00e9rprete oaxaque\u00f1a<\/p>\n\n\n\n<p>Para Downs, la m\u00fasica mexicana es sin\u00f3nimo de alegr\u00eda, pero tambi\u00e9n de una melancol\u00eda genuina que es bien recibida por el p\u00fablico extranjero, por eso sabe que en esta ocasi\u00f3n no ser\u00e1 la excepci\u00f3n, ya que presentar\u00e1 un repertorio con temas cl\u00e1sicos, rancheros, propios compuestos con el estilo de la costa de Oaxaca, canciones de Jos\u00e9 Alfredo Jim\u00e9nez y algunas m\u00e1s en lenguas ind\u00edgenas como el mixteco, el idioma de su madre, entre los que destaca \u201cLos Caminos de la Vida\u201d.<\/p>\n\n\n\n<p>Tambi\u00e9n el canto cardenche estar\u00e1 presente. \u201cEste ritmo es muy querido, porque es tan emotivo y tambi\u00e9n habla de una di\u00e1spora, y musicalmente no es necesario saber de qu\u00e9 trata la letra, porque el sonido que tiene es muy de ra\u00edz\u201d, explic\u00f3.<\/p>\n\n\n\n<p>Lila estar\u00e1 acompa\u00f1ada de ocho m\u00fasicos, la mitad son de la banda que la acompa\u00f1a en Estados Unidos y la otra de la que est\u00e1 con ella en las giras mexicanas, siendo la primera vez que se reencuentra con ellos, despu\u00e9s de a\u00f1o y medio de la pandemia que provoc\u00f3 el cese de presentaciones, por eso ahora regresar a los escenarios la llena de orgullo e inspiraci\u00f3n.<\/p>\n\n\n\n<p>La cantante tambi\u00e9n est\u00e1 emocionada de poder conocer a otros m\u00fasicos y m\u00e1s sobre la cultura de otros pa\u00edses, como Rusia o todo medio oriente, ya que considera que de esa parte del mundo surgieron varias cosas de las ra\u00edces del hombre, como las letras del abecedario.<\/p>\n\n\n\n<p>Lila tocar\u00e1 a las 21:30 horas del tiempo de los Emiratos \u00c1rabes Unidos, en el Dubai Millenium Amphitheatre como parte de la celebraci\u00f3n de la Semana de M\u00e9xico que se realizar\u00e1 del 7 al 12 de noviembre, y que contar\u00e1 con presentaciones de la bailarina Elisa Carrillo, el Ballet Folkl\u00f3rico de M\u00e9xico de Amalia Hern\u00e1ndez, La Sonora Santanera y el tenor Javier Camarena.<\/p>\n\n\n\n<p>(Informaci\u00f3n de \u00abEl Heraldo de M\u00e9xico\u00bb)<\/p>\n","protected":false},"excerpt":{"rendered":"<p>Redacci\u00f3n\/Zona Roja Cdmx. Ciudad de M\u00e9xico, 7 de noviembre de 2021.- Luciendo un vestido blanco&hellip;<\/p>\n","protected":false},"author":2,"featured_media":12454,"comment_status":"closed","ping_status":"open","sticky":false,"template":"","format":"standard","meta":{"_lmt_disableupdate":"","_lmt_disable":"","_jetpack_memberships_contains_paid_content":false,"footnotes":""},"categories":[109,46],"tags":[1594],"class_list":["post-34019","post","type-post","status-publish","format-standard","has-post-thumbnail","hentry","category-minuto-a-minuto","category-zona-blanca","tag-lila-downs"],"jetpack_featured_media_url":"https:\/\/zonaroja.com.mx\/wp-content\/uploads\/2020\/05\/Lila-Downs.jpg","jetpack_sharing_enabled":true,"_links":{"self":[{"href":"https:\/\/zonaroja.com.mx\/index.php?rest_route=\/wp\/v2\/posts\/34019","targetHints":{"allow":["GET"]}}],"collection":[{"href":"https:\/\/zonaroja.com.mx\/index.php?rest_route=\/wp\/v2\/posts"}],"about":[{"href":"https:\/\/zonaroja.com.mx\/index.php?rest_route=\/wp\/v2\/types\/post"}],"author":[{"embeddable":true,"href":"https:\/\/zonaroja.com.mx\/index.php?rest_route=\/wp\/v2\/users\/2"}],"replies":[{"embeddable":true,"href":"https:\/\/zonaroja.com.mx\/index.php?rest_route=%2Fwp%2Fv2%2Fcomments&post=34019"}],"version-history":[{"count":1,"href":"https:\/\/zonaroja.com.mx\/index.php?rest_route=\/wp\/v2\/posts\/34019\/revisions"}],"predecessor-version":[{"id":34020,"href":"https:\/\/zonaroja.com.mx\/index.php?rest_route=\/wp\/v2\/posts\/34019\/revisions\/34020"}],"wp:featuredmedia":[{"embeddable":true,"href":"https:\/\/zonaroja.com.mx\/index.php?rest_route=\/wp\/v2\/media\/12454"}],"wp:attachment":[{"href":"https:\/\/zonaroja.com.mx\/index.php?rest_route=%2Fwp%2Fv2%2Fmedia&parent=34019"}],"wp:term":[{"taxonomy":"category","embeddable":true,"href":"https:\/\/zonaroja.com.mx\/index.php?rest_route=%2Fwp%2Fv2%2Fcategories&post=34019"},{"taxonomy":"post_tag","embeddable":true,"href":"https:\/\/zonaroja.com.mx\/index.php?rest_route=%2Fwp%2Fv2%2Ftags&post=34019"}],"curies":[{"name":"wp","href":"https:\/\/api.w.org\/{rel}","templated":true}]}}