{"id":34030,"date":"2021-11-07T18:25:25","date_gmt":"2021-11-08T00:25:25","guid":{"rendered":"http:\/\/www.zonaroja.com.mx\/?p=34030"},"modified":"2021-11-07T18:25:29","modified_gmt":"2021-11-08T00:25:29","slug":"mueren-dos-turistas-ahogados-en-playas-de-oaxaca","status":"publish","type":"post","link":"https:\/\/zonaroja.com.mx\/?p=34030","title":{"rendered":"Mueren dos turistas ahogados en playas de Oaxaca"},"content":{"rendered":"\n<p>Redacci\u00f3n\/Zona Roja.<\/p>\n\n\n\n<p>Oaxaca de Ju\u00e1rez, Oax., 7 de noviembre de 2021.- Dos turistas fallecieron ahogados, en distintos hechos ocurridos este domingo en playas del municipio de San Pedro Pochutla, Oaxaca.<\/p>\n\n\n\n<p>Por la ma\u00f1ana un turista de origen polaco muri\u00f3 en playas de Zipolite, por causas que hasta el momento no se han dado a conocer, como tampoco su identidad.<\/p>\n\n\n\n<p>Mientras que por la tarde de hoy, otro individuo, tambi\u00e9n no identificado a\u00fan, perdi\u00f3 la vida en la playa de Puerto \u00c1ngel.<\/p>\n\n\n\n<p>Personal de la Vicefiscal\u00eda Regional de la Costa inici\u00f3 las indagatorias correspondientes para deslindar responsabilidades.<\/p>\n\n\n\n<p>Por otra parte, este d\u00eda fue identificada la persona que muri\u00f3 por asfixia en una vivienda que se incendi\u00f3 en la Villa de Zaachila, en la regi\u00f3n Valles Centrales del estado.<\/p>\n\n\n\n<p>Se trata de Pedro Mart\u00ednez Hern\u00e1ndez, de 30 a\u00f1os, quien se encontraba en su hogar ayer s\u00e1bado cuando muri\u00f3 debido a la cantidad de humo por el incendio de su hogar, ubicado en la privada de Bidoo, barrio El Carmen.<\/p>\n\n\n\n<p>Hasta el momento tampoco se conocen las causas que originaron el incendio.<\/p>\n\n\n\n<p>Mientras tanto, hasta hoy no ha sido identificada la v\u00edctima de un atropellamiento sucedido ayer por la tarde en el Perif\u00e9rico casi esquina con calle 20 de Noviembre, de la ciudad de Oaxaca.<\/p>\n\n\n\n<p>El conductor responsable, que manejaba un taxi colectivo del sitio de la Villa de Mitla, se dio a la fuga.<\/p>\n","protected":false},"excerpt":{"rendered":"<p>Redacci\u00f3n\/Zona Roja. Oaxaca de Ju\u00e1rez, Oax., 7 de noviembre de 2021.- Dos turistas fallecieron ahogados,&hellip;<\/p>\n","protected":false},"author":2,"featured_media":34031,"comment_status":"closed","ping_status":"open","sticky":false,"template":"","format":"standard","meta":{"_lmt_disableupdate":"","_lmt_disable":"","_jetpack_memberships_contains_paid_content":false,"footnotes":""},"categories":[109,47],"tags":[151],"class_list":["post-34030","post","type-post","status-publish","format-standard","has-post-thumbnail","hentry","category-minuto-a-minuto","category-zona-gris","tag-san-pedro-pochutla"],"jetpack_featured_media_url":"https:\/\/zonaroja.com.mx\/wp-content\/uploads\/2021\/11\/Ahogado-Pochutla.jpg","jetpack_sharing_enabled":true,"_links":{"self":[{"href":"https:\/\/zonaroja.com.mx\/index.php?rest_route=\/wp\/v2\/posts\/34030","targetHints":{"allow":["GET"]}}],"collection":[{"href":"https:\/\/zonaroja.com.mx\/index.php?rest_route=\/wp\/v2\/posts"}],"about":[{"href":"https:\/\/zonaroja.com.mx\/index.php?rest_route=\/wp\/v2\/types\/post"}],"author":[{"embeddable":true,"href":"https:\/\/zonaroja.com.mx\/index.php?rest_route=\/wp\/v2\/users\/2"}],"replies":[{"embeddable":true,"href":"https:\/\/zonaroja.com.mx\/index.php?rest_route=%2Fwp%2Fv2%2Fcomments&post=34030"}],"version-history":[{"count":1,"href":"https:\/\/zonaroja.com.mx\/index.php?rest_route=\/wp\/v2\/posts\/34030\/revisions"}],"predecessor-version":[{"id":34032,"href":"https:\/\/zonaroja.com.mx\/index.php?rest_route=\/wp\/v2\/posts\/34030\/revisions\/34032"}],"wp:featuredmedia":[{"embeddable":true,"href":"https:\/\/zonaroja.com.mx\/index.php?rest_route=\/wp\/v2\/media\/34031"}],"wp:attachment":[{"href":"https:\/\/zonaroja.com.mx\/index.php?rest_route=%2Fwp%2Fv2%2Fmedia&parent=34030"}],"wp:term":[{"taxonomy":"category","embeddable":true,"href":"https:\/\/zonaroja.com.mx\/index.php?rest_route=%2Fwp%2Fv2%2Fcategories&post=34030"},{"taxonomy":"post_tag","embeddable":true,"href":"https:\/\/zonaroja.com.mx\/index.php?rest_route=%2Fwp%2Fv2%2Ftags&post=34030"}],"curies":[{"name":"wp","href":"https:\/\/api.w.org\/{rel}","templated":true}]}}