{"id":34033,"date":"2021-11-07T20:36:13","date_gmt":"2021-11-08T02:36:13","guid":{"rendered":"http:\/\/www.zonaroja.com.mx\/?p=34033"},"modified":"2021-11-07T20:36:21","modified_gmt":"2021-11-08T02:36:21","slug":"registra-oaxaca-aumento-de-11-5-de-casos-covid-19-en-una-semana","status":"publish","type":"post","link":"https:\/\/zonaroja.com.mx\/?p=34033","title":{"rendered":"Registra Oaxaca aumento de 11.5% de casos Covid-19 en una semana"},"content":{"rendered":"\n<p>Redacci\u00f3n\/Zona Roja.<\/p>\n\n\n\n<p>Oaxaca de Ju\u00e1rez, Oax. 7 de noviembre de 2021.- Durante el per\u00edodo comprendido del 31 de octubre al 6 de noviembre, la entidad registr\u00f3 un acumulado de 81 mil 888 casos confirmados de Covid-19, observando un ligero aumento con respecto a la semana anterior, pasando de 408 a 455 registros esta semana, lo que representa un 11.5%.<\/p>\n\n\n\n<p>As\u00ed lo inform\u00f3 en un comunicado de prensa la dependencia estatal Servicios de Salud de Oaxaca (SSO), en el resumen semanal de la situaci\u00f3n epidemiol\u00f3gica actual de la pandemia \u00a0en el estado.<\/p>\n\n\n\n<p>Destac\u00f3 que el promedio de ocupaci\u00f3n hospitalaria para la atenci\u00f3n a pacientes con complicaciones derivadas de esta patolog\u00eda fue de 33.2%. Adem\u00e1s, se reportaron 32 desafortunados decesos a causa de esta enfermedad respiratoria.<\/p>\n\n\n\n<p>Asimismo, siguiendo la Estrategia de la Pol\u00edtica Nacional de Vacunaci\u00f3n contra el virus SARS-CoV-2 para la prevenci\u00f3n de la COVID-19 en M\u00e9xico, mencion\u00f3 que durante este lapso se aplicaron 28 mil 522 dosis de las farmac\u00e9uticas AstraZeneca y Pfizer-BioNTech a poblaci\u00f3n de 18 a 39 a\u00f1os, adolescentes de 12 a 17 a\u00f1os con comorbilidades espec\u00edficas y rezagados que acudieron a las sedes donde se llev\u00f3 a cabo la inmunizaci\u00f3n.<\/p>\n\n\n\n<p>En este sentido, reiter\u00f3 el llamado e invitaci\u00f3n a padres, madres o tutores para que no dejen pasar la oportunidad de llevar a vacunar a sus hijas e hijos con factores de riesgo a los puntos activos y con ello proteger a este grupo de la poblaci\u00f3n.<\/p>\n\n\n\n<p>Dijo que con base al \u00abLineamiento para la estimaci\u00f3n de riesgos del sem\u00e1foro por regiones Covid-19\u00bb emitido por el Gobierno Federal, Oaxaca permanecer\u00e1 hasta el domingo 14 de noviembre en color verde y aunque el riesgo de contagio sigue siendo bajo, debemos aplicar todas las medidas sanitarias para evitar un incremento de casos activos, hospitalizaciones y muertes.<\/p>\n\n\n\n<p>Precis\u00f3 que la pandemia sigue activa y por ello no hay que bajar la guardia, en la casa, oficina y espacios p\u00fablicos se debe continuar con todas las acciones de prevenci\u00f3n para evitar enfermar, como usar de forma correcta el cubrebocas, mantener la sana distancia, lavarse las manos con frecuencia con agua y jab\u00f3n, al estornudar o toser cubrirse con el \u00e1ngulo interno del codo, evitar acudir a eventos masivos y reuniones en lugares cerrados con poca ventilaci\u00f3n.<\/p>\n\n\n\n<figure class=\"wp-block-embed is-type-rich is-provider-twitter wp-block-embed-twitter\"><div class=\"wp-block-embed__wrapper\">\n<div class=\"twitter-tweet\"><blockquote class=\"twitter-tweet\" data-lang=\"es\"><p lang=\"es\" dir=\"ltr\">Tu salud y la de tus seres queridos es una prioridad del <a href=\"https:\/\/twitter.com\/GobOax?ref_src=twsrc%5Etfw\">@GobOax<\/a>; no descuides las medidas de prevenci\u00f3n contra el COVID-19. Recuerda que seguiremos en Sem\u00e1foro Verde hasta el 14 de noviembre. <a href=\"https:\/\/t.co\/vKD4sGUViF\">pic.twitter.com\/vKD4sGUViF<\/a><\/p>&mdash; Gobierno de Oaxaca (@GobOax) <a href=\"https:\/\/twitter.com\/GobOax\/status\/1457485080083959811?ref_src=twsrc%5Etfw\">7 de noviembre de 2021<\/a><\/blockquote><\/div>\n<\/div><\/figure>\n","protected":false},"excerpt":{"rendered":"<p>Redacci\u00f3n\/Zona Roja. Oaxaca de Ju\u00e1rez, Oax. 7 de noviembre de 2021.- Durante el per\u00edodo comprendido&hellip;<\/p>\n","protected":false},"author":2,"featured_media":34034,"comment_status":"closed","ping_status":"open","sticky":false,"template":"","format":"standard","meta":{"_lmt_disableupdate":"","_lmt_disable":"","_jetpack_memberships_contains_paid_content":false,"footnotes":""},"categories":[109,47],"tags":[1512],"class_list":["post-34033","post","type-post","status-publish","format-standard","has-post-thumbnail","hentry","category-minuto-a-minuto","category-zona-gris","tag-coronavirus-oaxaca"],"jetpack_featured_media_url":"https:\/\/zonaroja.com.mx\/wp-content\/uploads\/2021\/11\/Vacunacion-Covid-coronavirus-Oaxaca.jpg","jetpack_sharing_enabled":true,"_links":{"self":[{"href":"https:\/\/zonaroja.com.mx\/index.php?rest_route=\/wp\/v2\/posts\/34033","targetHints":{"allow":["GET"]}}],"collection":[{"href":"https:\/\/zonaroja.com.mx\/index.php?rest_route=\/wp\/v2\/posts"}],"about":[{"href":"https:\/\/zonaroja.com.mx\/index.php?rest_route=\/wp\/v2\/types\/post"}],"author":[{"embeddable":true,"href":"https:\/\/zonaroja.com.mx\/index.php?rest_route=\/wp\/v2\/users\/2"}],"replies":[{"embeddable":true,"href":"https:\/\/zonaroja.com.mx\/index.php?rest_route=%2Fwp%2Fv2%2Fcomments&post=34033"}],"version-history":[{"count":1,"href":"https:\/\/zonaroja.com.mx\/index.php?rest_route=\/wp\/v2\/posts\/34033\/revisions"}],"predecessor-version":[{"id":34035,"href":"https:\/\/zonaroja.com.mx\/index.php?rest_route=\/wp\/v2\/posts\/34033\/revisions\/34035"}],"wp:featuredmedia":[{"embeddable":true,"href":"https:\/\/zonaroja.com.mx\/index.php?rest_route=\/wp\/v2\/media\/34034"}],"wp:attachment":[{"href":"https:\/\/zonaroja.com.mx\/index.php?rest_route=%2Fwp%2Fv2%2Fmedia&parent=34033"}],"wp:term":[{"taxonomy":"category","embeddable":true,"href":"https:\/\/zonaroja.com.mx\/index.php?rest_route=%2Fwp%2Fv2%2Fcategories&post=34033"},{"taxonomy":"post_tag","embeddable":true,"href":"https:\/\/zonaroja.com.mx\/index.php?rest_route=%2Fwp%2Fv2%2Ftags&post=34033"}],"curies":[{"name":"wp","href":"https:\/\/api.w.org\/{rel}","templated":true}]}}