{"id":34040,"date":"2021-11-08T06:58:23","date_gmt":"2021-11-08T12:58:23","guid":{"rendered":"http:\/\/www.zonaroja.com.mx\/?p=34040"},"modified":"2021-11-08T06:58:27","modified_gmt":"2021-11-08T12:58:27","slug":"dictan-prision-preventiva-en-veracruz-a-diputado-priista-de-oaxaca","status":"publish","type":"post","link":"https:\/\/zonaroja.com.mx\/?p=34040","title":{"rendered":"Dictan prisi\u00f3n preventiva en Veracruz a diputado priista de Oaxaca"},"content":{"rendered":"\n<p>Redacci\u00f3n\/Zona Roja.<\/p>\n\n\n\n<p>Oaxaca de Ju\u00e1rez, Oax., 8 de noviembre de 2021.- Un juez de la causa determin\u00f3 prisi\u00f3n preventiva para el a\u00fan diputado oaxaque\u00f1o por el PRI, Gustavo D. S., por lo que fue recluido el s\u00e1bado por la noche en el penal de Pacho Viejo, municipio de Coatepec, Veracruz.<\/p>\n\n\n\n<p>La audiencia de vinculaci\u00f3n a proceso ser\u00e1 el pr\u00f3ximo 12 de noviembre, un d\u00eda antes de que se instale la 65 Legislatura de Oaxaca, de la cual no podr\u00e1 formar parte &#8211;tras haber sido reelecto&#8211;, pues adem\u00e1s este lunes inicia el registro de los nuevos legisladores de la fracci\u00f3n del PRI.<\/p>\n\n\n\n<p>Est\u00e1 acusado presuntamente por uso de arma de uso exclusivo de Ej\u00e9rcito, de acuerdo con las autoridades veracruzanas.<\/p>\n\n\n\n<p>Su hijo Jos\u00e9 Alberto D. y otro joven identificado como Oliver \u00abN\u00bb fueron trasladados al penal de mediana seguridad La Toma en el municipio de Amatl\u00e1n de Los Reyes.<\/p>\n\n\n\n<p>Fue el 4 de noviembre por la tarde en que el legislador a quien conocen con el mote de \u201cEl Gato\u201d, fe detenido luego de acudir a la delegaci\u00f3n de Seguridad P\u00fablica del Estado, en el municipio de Fort\u00edn de las Flores, para saber sobre su hijo, quien fue detenido horas antes.<\/p>\n\n\n\n<p>Al d\u00eda 5 de noviembre, el gobernador de Veracruz, Cuitl\u00e1huac Garc\u00eda Jim\u00e9nez, confirm\u00f3 la detenci\u00f3n del diputado oaxaque\u00f1o y su hijo, a quienes relacion\u00f3 como presuntos cabecillas de una organizaci\u00f3n del crimen en Oaxaca y Veracruz, pero sin aportar m\u00e1s informaci\u00f3n para ligarlos a estos dichos.<\/p>\n\n\n\n<p>La noche de este s\u00e1bado 6 de noviembre que fueron trasladados a la sala de juicios orales para la audiencia y legalizaci\u00f3n de su detenci\u00f3n, tras lo cual le fue dictada prisi\u00f3n preventiva oficiosa, presuntamente por el delito de portaci\u00f3n de armas de fuego de uso exclusivo del ej\u00e9rcito, posesi\u00f3n de droga y ultrajes a la autoridad.<\/p>\n\n\n\n<p>De acuerdo con autoridades veracruzanas, \u201cEl Gato\u201d y su hijo Gustavo Abigail &#8216;N&#8217;, \u201cEl Pino\u201d, son investigados e identificados por autoridades federales y estatales como responsables de la violencia generada en la zona lim\u00edtrofe Oaxaca-Veracruz, al supuestamente encabezar operaciones de una c\u00e9lula delictiva.<\/p>\n","protected":false},"excerpt":{"rendered":"<p>Redacci\u00f3n\/Zona Roja. Oaxaca de Ju\u00e1rez, Oax., 8 de noviembre de 2021.- Un juez de la&hellip;<\/p>\n","protected":false},"author":2,"featured_media":34041,"comment_status":"closed","ping_status":"open","sticky":false,"template":"","format":"standard","meta":{"_lmt_disableupdate":"","_lmt_disable":"","_jetpack_memberships_contains_paid_content":false,"footnotes":""},"categories":[109,47],"tags":[671],"class_list":["post-34040","post","type-post","status-publish","format-standard","has-post-thumbnail","hentry","category-minuto-a-minuto","category-zona-gris","tag-gustavo-diaz-sanchez"],"jetpack_featured_media_url":"https:\/\/zonaroja.com.mx\/wp-content\/uploads\/2021\/11\/Gustavo-Diaz-Sanchez.jpg","jetpack_sharing_enabled":true,"_links":{"self":[{"href":"https:\/\/zonaroja.com.mx\/index.php?rest_route=\/wp\/v2\/posts\/34040","targetHints":{"allow":["GET"]}}],"collection":[{"href":"https:\/\/zonaroja.com.mx\/index.php?rest_route=\/wp\/v2\/posts"}],"about":[{"href":"https:\/\/zonaroja.com.mx\/index.php?rest_route=\/wp\/v2\/types\/post"}],"author":[{"embeddable":true,"href":"https:\/\/zonaroja.com.mx\/index.php?rest_route=\/wp\/v2\/users\/2"}],"replies":[{"embeddable":true,"href":"https:\/\/zonaroja.com.mx\/index.php?rest_route=%2Fwp%2Fv2%2Fcomments&post=34040"}],"version-history":[{"count":1,"href":"https:\/\/zonaroja.com.mx\/index.php?rest_route=\/wp\/v2\/posts\/34040\/revisions"}],"predecessor-version":[{"id":34042,"href":"https:\/\/zonaroja.com.mx\/index.php?rest_route=\/wp\/v2\/posts\/34040\/revisions\/34042"}],"wp:featuredmedia":[{"embeddable":true,"href":"https:\/\/zonaroja.com.mx\/index.php?rest_route=\/wp\/v2\/media\/34041"}],"wp:attachment":[{"href":"https:\/\/zonaroja.com.mx\/index.php?rest_route=%2Fwp%2Fv2%2Fmedia&parent=34040"}],"wp:term":[{"taxonomy":"category","embeddable":true,"href":"https:\/\/zonaroja.com.mx\/index.php?rest_route=%2Fwp%2Fv2%2Fcategories&post=34040"},{"taxonomy":"post_tag","embeddable":true,"href":"https:\/\/zonaroja.com.mx\/index.php?rest_route=%2Fwp%2Fv2%2Ftags&post=34040"}],"curies":[{"name":"wp","href":"https:\/\/api.w.org\/{rel}","templated":true}]}}