{"id":34046,"date":"2021-11-08T08:11:52","date_gmt":"2021-11-08T14:11:52","guid":{"rendered":"http:\/\/www.zonaroja.com.mx\/?p=34046"},"modified":"2021-11-08T08:37:42","modified_gmt":"2021-11-08T14:37:42","slug":"opinion-los-priistas-diezmados-sus-candidatos-y-el-tapado","status":"publish","type":"post","link":"https:\/\/zonaroja.com.mx\/?p=34046","title":{"rendered":"Opini\u00f3n. Los priistas diezmados, sus candidatos y el \u201ctapado\u201d"},"content":{"rendered":"\n<p>Ismael Garc\u00eda M.\/Zona Roja.<\/p>\n\n\n\n<p>Oaxaca de Ju\u00e1rez, Oax., 8 de noviembre de 2021.- A escasos d\u00edas de las definiciones para elegir al candidato o candidata del PRI a gobernador, as\u00ed como de la conformaci\u00f3n de una eventual alianza con el PRD y el PAN, el tricolor se encuentra m\u00e1s disminuido y dividido que nunca.<\/p>\n\n\n\n<p>Y en el colmo, el pasado jueves 4 de noviembre, uno de sus m\u00e1s distinguidos representantes &#8211;por el cacicazgo que mantiene en una zona de la regi\u00f3n Cuenca y porque va de un cargo a otro&#8211;, el diputado Gustavo D\u00edaz S\u00e1nchez, fue detenido en Veracruz, lo que diezma a\u00fan m\u00e1s al ya de s\u00ed desgastado grupo que comanda Alejandro Avil\u00e9s \u00c1lvarez.<\/p>\n\n\n\n<p>Mientras tanto, quien gobierna Oaxaca, tiene un as bajo la manga, para cerrar el paso a los tradicionales grupos en el poder, que s\u00f3lo buscan perpetuarse en los cargos para buscar beneficios personales, pero sin ofrecer alternativas de cambio.<\/p>\n\n\n\n<p>LOS QUE QUIEREN<\/p>\n\n\n\n<p>De manera tard\u00eda &#8211;har\u00e1 cosa de una semana&#8211;, el gobernador Alejandro Murat Hinojosa dijo en entrevista colectiva que quien aspire a sucederlo, ya deber\u00eda estar recorriendo las regiones, para darse a conocer, pues la aceptaci\u00f3n de la gente se gana en las calles y no con encuestas.<\/p>\n\n\n\n<p>Pero quienes supuestamente aspiran, est\u00e1n m\u00e1s amodorrados que los panistas y perredistas y m\u00e1s ensimismados en sus propios intereses personales.<\/p>\n\n\n\n<p>Alejandro Avil\u00e9s, que inicia el pr\u00f3ximo d\u00eda 13 su tercer trienio en el Congreso del Estado, ha sido mencionado en las encuestas, pero \u00e9l no ha dicho con claridad que quiere ser candidato a suceder al actual mandatario.<\/p>\n\n\n\n<p>Sigue recluido en sus negocios pol\u00edticos personales y hace hace unos d\u00edas \u2013el 1 de noviembre&#8211; poste\u00f3 seis fotograf\u00edas de una gira por la Cuenca, concretamente Cosolapa, para difundir obras que supuestamente gestion\u00f3 Gustavo D\u00edaz S\u00e1nchez.<\/p>\n\n\n\n<p>\u201cCosolapa tendr\u00e1 un palacio municipal digno de nuestra gente!!! Mucho Gato!!!\u201d, escribi\u00f3 en referencia a las gestiones de su compa\u00f1ero legislador, pero con tan mala suerte que cuatro d\u00edas despu\u00e9s, Gustavo D\u00edaz fue detenido y est\u00e1 siendo procesado, presuntamente por nexos con la delincuencia organizada.<\/p>\n\n\n\n<p>Junto con Fredy Gil Pineda Gopar, pretend\u00edan armar su Bronx en la pr\u00f3xima Legislatura local, para frenar por la fuerza las iniciativas de Morena y su pr\u00f3ximo gobierno estatal.<\/p>\n\n\n\n<p>Tambi\u00e9n hace unos d\u00edas, el gobernador place\u00f3 a Mariana Ben\u00edtez Tiburcio, pero sugiri\u00e9ndola para presidir la Mesa Directiva de la 65 Legislatura, lo que equivale a descartarla para competir por la gubernatura.<\/p>\n\n\n\n<p>Murat Hinojosa ha mencionado a varios de quienes podr\u00edan sucederlo, pero la mayor\u00eda no da se\u00f1ales de vida.<\/p>\n\n\n\n<p>Samuel Gurri\u00f3n, desde que dej\u00f3 el cargo en la Secretar\u00eda del Medio Ambiente estatal, nadie sabe d\u00f3nde anda y se recluy\u00f3 m\u00e1s a ra\u00edz del esc\u00e1ndalo del fiscalista Sergio Castro y el caso de V\u00edctor Manuel \u00c1lvarez Puga.<\/p>\n\n\n\n<p>Por cierto, est\u00e1n pendientes sobre Gurri\u00f3n diversas investigaciones de lavado de dinero, pero cree que con el fuero que conseguir\u00e1 el pr\u00f3ximo 13 de noviembre, estar\u00eda a salvo.<\/p>\n\n\n\n<p>\u00bfQui\u00e9n m\u00e1s para gobernador o gobernadora? Eufrosina Cruz Mendoza es panista pero m\u00e1s priista que el papa y podr\u00eda ser la candidata del PAN-PRI-PRD, si llega a cuajar la alianza entre los tres.<\/p>\n\n\n\n<p>\u00bfEviel P\u00e9rez Maga\u00f1a? Tampoco da luces desde que tom\u00f3 la riendas del PRI estatal; realiza escasas giras de trabajo; se queja que no hay dinero; tiene encima el se\u00f1alamiento de ser un candidato a gobernador perdedor y est\u00e1 acotado por el grupo de Avil\u00e9s, quien insiste en tener el control del priismo.&nbsp;<\/p>\n\n\n\n<p>Por cierto, habr\u00eda tenido un poco m\u00e1s de esperanzas en el PRI, si Luis Antonio Ram\u00edrez Pineda se hubiera decidido por el partido de su padre, el ex gobernador Heladio Ram\u00edrez L\u00f3pez, y no por Morena, donde nadie lo quiere, ni siquiera como director del ISSSTE.<\/p>\n\n\n\n<p>Por cierto, amag\u00f3 con renunciar al cargo para inscribirse como aspirante, pero ser\u00e1 el pretexto ideal de Andr\u00e9s Manuel L\u00f3pez Obrador para retirarlo de la funci\u00f3n p\u00fablica, pues poco o nada a abonado en la Cuarta Transformaci\u00f3n.<\/p>\n\n\n\n<p>Por cierto tambi\u00e9n, como lo hemos dicho, el verde senador Ra\u00fal Bola\u00f1os Cacho Cu\u00e9 no pasar\u00e1 el tamiz morenista y tendr\u00eda que negociar a los m\u00e1s altos niveles para poder ser incluido en una eventual alianza PVEM-PRI, si no se consolida la uni\u00f3n de priistas con panistas y perredistas.<\/p>\n\n\n\n<p>CABALLO NEGRO<\/p>\n\n\n\n<p>Quiz\u00e1 por tener una \u201ccaballada\u201d tan flaca, el gobernador Alejandro Murat ha autorizado una mayor movilidad del actual director del IEEPO, Francisco \u00c1ngel Villarreal.<\/p>\n\n\n\n<p>Sus m\u00e9ritos: m\u00e1s de tres d\u00e9cadas en la vida pol\u00edtica y administrativa de Oaxaca, incluyendo la partidista tricolor, y hasta ahora no se le conoce, o no se le ha se\u00f1alado fehacientemente, de actos de corrupci\u00f3n.<\/p>\n\n\n\n<p>Por primera vez en un sexenio, van cinco a\u00f1os en que no se han registrado movilizaciones masivas ni suspensi\u00f3n de clases por parte del magisterio.<\/p>\n\n\n\n<p>Ha mostrado de manera fehaciente los acuerdos con la dirigencia sindical que encabeza Eloy L\u00f3pez Hern\u00e1ndez y enfrenta escasas cr\u00edticas de un cada vez m\u00e1s disminuido UTE.<\/p>\n\n\n\n<p>Le distingue tambi\u00e9n la construcci\u00f3n de acuerdos, reuniones con dirigentes pol\u00edticos y legisladores de todos los partidos y ha aceptado que en su momento, buscar\u00e1 la candidatura.<\/p>\n\n\n\n<p>No se descarta, por lo tanto, que sea el \u201ccaballo negro\u201d, por una alianza PRI-PAN-PRD o con Morena y otros partidos aliados, habida cuenta en los aliados de la Cuarta Transformaci\u00f3n se vive una intensa lucha interna, por la disputa de la candidatura, que m\u00e1s de una docena quiere.<\/p>\n\n\n\n<p>EL ACABOSE<\/p>\n\n\n\n<p>De alguna manera, la aprehensi\u00f3n del legislador local Gustavo D\u00edaz S\u00e1nchez, fue tambi\u00e9n un golpe para el diezmado grupo pol\u00edtico que encabeza Alejandro Avil\u00e9s \u00c1lvarez, quien se sent\u00eda suficiente para aspirar a la gubernatura.<\/p>\n\n\n\n<p>Pero incluso un duro golpe para el priismo en general, que en absoluto aprovech\u00f3 el desempe\u00f1o de Alejandro Murat para resaltar las acciones de un gobierno priista.<\/p>\n\n\n\n<p>As\u00ed que, si el PRI de verdad quiere dar pelea en el proceso electoral 2021-2022, no le queda de otra m\u00e1s que impulsar a quien realmente le garantice opciones de triunfo. De lo contrario, estar\u00e1 m\u00e1s que evidenciado su entreguismo a Morena.<\/p>\n","protected":false},"excerpt":{"rendered":"<p>Ismael Garc\u00eda M.\/Zona Roja. Oaxaca de Ju\u00e1rez, Oax., 8 de noviembre de 2021.- A escasos&hellip;<\/p>\n","protected":false},"author":2,"featured_media":7610,"comment_status":"closed","ping_status":"open","sticky":false,"template":"","format":"standard","meta":{"_lmt_disableupdate":"","_lmt_disable":"","_jetpack_memberships_contains_paid_content":false,"footnotes":""},"categories":[456,109,48],"tags":[1353],"class_list":["post-34046","post","type-post","status-publish","format-standard","has-post-thumbnail","hentry","category-columna","category-minuto-a-minuto","category-zona-critica","tag-opinion-zona-critica"],"jetpack_featured_media_url":"https:\/\/zonaroja.com.mx\/wp-content\/uploads\/2020\/01\/Opini\u00f3n-Zona-Cr\u00edtica.jpg","jetpack_sharing_enabled":true,"_links":{"self":[{"href":"https:\/\/zonaroja.com.mx\/index.php?rest_route=\/wp\/v2\/posts\/34046","targetHints":{"allow":["GET"]}}],"collection":[{"href":"https:\/\/zonaroja.com.mx\/index.php?rest_route=\/wp\/v2\/posts"}],"about":[{"href":"https:\/\/zonaroja.com.mx\/index.php?rest_route=\/wp\/v2\/types\/post"}],"author":[{"embeddable":true,"href":"https:\/\/zonaroja.com.mx\/index.php?rest_route=\/wp\/v2\/users\/2"}],"replies":[{"embeddable":true,"href":"https:\/\/zonaroja.com.mx\/index.php?rest_route=%2Fwp%2Fv2%2Fcomments&post=34046"}],"version-history":[{"count":3,"href":"https:\/\/zonaroja.com.mx\/index.php?rest_route=\/wp\/v2\/posts\/34046\/revisions"}],"predecessor-version":[{"id":34053,"href":"https:\/\/zonaroja.com.mx\/index.php?rest_route=\/wp\/v2\/posts\/34046\/revisions\/34053"}],"wp:featuredmedia":[{"embeddable":true,"href":"https:\/\/zonaroja.com.mx\/index.php?rest_route=\/wp\/v2\/media\/7610"}],"wp:attachment":[{"href":"https:\/\/zonaroja.com.mx\/index.php?rest_route=%2Fwp%2Fv2%2Fmedia&parent=34046"}],"wp:term":[{"taxonomy":"category","embeddable":true,"href":"https:\/\/zonaroja.com.mx\/index.php?rest_route=%2Fwp%2Fv2%2Fcategories&post=34046"},{"taxonomy":"post_tag","embeddable":true,"href":"https:\/\/zonaroja.com.mx\/index.php?rest_route=%2Fwp%2Fv2%2Ftags&post=34046"}],"curies":[{"name":"wp","href":"https:\/\/api.w.org\/{rel}","templated":true}]}}