{"id":34049,"date":"2021-11-08T08:25:57","date_gmt":"2021-11-08T14:25:57","guid":{"rendered":"http:\/\/www.zonaroja.com.mx\/?p=34049"},"modified":"2021-11-08T08:26:00","modified_gmt":"2021-11-08T14:26:00","slug":"reanuda-caravana-migrante-su-transito-por-oaxaca-llegaria-a-la-capital","status":"publish","type":"post","link":"https:\/\/zonaroja.com.mx\/?p=34049","title":{"rendered":"Reanuda caravana migrante su tr\u00e1nsito por Oaxaca; llegar\u00eda a la capital"},"content":{"rendered":"\n<p>Redacci\u00f3n\/Zona Roja.<\/p>\n\n\n\n<p>Oaxaca de Ju\u00e1rez, Oax., 8 de noviembre de 2021.- La caravana de migrantes que rebas\u00f3 ayer a la Guardia Nacional e ingres\u00f3 a territorio oaxaque\u00f1o, reanud\u00f3 esta madrugada su trayecto con rumbo a los Estados Unidos de Norteam\u00e9rica.<\/p>\n\n\n\n<p>Se trata de unos tres mil 500 indocumentados de distintas nacionalidades, que pernoct\u00f3 en Los Corazones, comunidad de San Pedro Tapanatepec, de donde sali\u00f3 hoy, de manera preliminar con rumbo sobre la carretera federal 190, para cruzar por la regi\u00f3n Valles Centrales, incluyendo la capital de Oaxaca.<\/p>\n\n\n\n<p>En tanto, en un comunicado, la Defensor\u00eda de los Derechos Humanos del Pueblo de Oaxaca solicit\u00f3 a diversas instituciones estatales la adopci\u00f3n de las medidas cautelares necesarias para brindar la ayuda humanitaria que permita para salvaguardar la integridad, dignidad y derechos humanos de las y los migrantes, asimismo envi\u00f3 una misi\u00f3n de observaci\u00f3n a la zona.<\/p>\n\n\n\n<p>El organismo defensor detall\u00f3 que activo un protocolo de atenci\u00f3n para dar seguimiento en terreno a la caravana migrante, especialmente en lugares que est\u00e1n dentro de la entidad con el objetivo de documentar cualquier posible violaci\u00f3n a sus derechos humanos, adem\u00e1s de realizar acciones de sensibilizaci\u00f3n a las autoridades de los diferentes niveles de gobierno para que brinden un trato humanitario.<\/p>\n\n\n\n<p>La Defensor\u00eda explic\u00f3 que solicit\u00f3 a la Secretar\u00eda de Salud que brinde atenci\u00f3n en materia de salud, mientras que, a la Procuradur\u00eda Estatal de Protecci\u00f3n de los Derechos de Ni\u00f1as, Ni\u00f1os y Adolescentes del Estado de Oaxaca, la Secretar\u00eda de Seguridad P\u00fablica, la Secretar\u00eda de Gobierno y a diversas autoridades municipales proporcionar atenci\u00f3n humanitaria de urgencia.<\/p>\n\n\n\n<p>Agreg\u00f3 que debido a las condiciones en las que se encuentran las personas que integran la caravana migrante requieren apoyo para cubrir necesidades b\u00e1sicas, por ello, es necesario que se les proporcionen alimentos, agua, sueros hidratantes, productos de aseo personal, as\u00ed como atenci\u00f3n m\u00e9dica y medicinas.<\/p>\n\n\n\n<p>La Defensor\u00eda de los Derechos Humanos del Pueblo de Oaxaca expuso su preocupaci\u00f3n por la vulnerabilidad de ni\u00f1as, ni\u00f1os y adolescentes no acompa\u00f1ados, as\u00ed como de mujeres embarazadas y lactantes, adem\u00e1s de las personas mayores, personas con discapacidad, as\u00ed como la comunidad l\u00e9sbico, gay, bisexual, transg\u00e9nero, transexual, trasvesti e intersexual, las cuales son parte de la caravana migrante y se exponen a un mayor riesgo.<\/p>\n\n\n\n<p>Ante este contexto, la Defensor\u00eda record\u00f3 que el Estado mexicano debe observar estrictamente su deber de protecci\u00f3n a las personas que integran la caravana migrante, lo que tambi\u00e9n implica que el uso de la fuerza sea un recurso extraordinario y de absoluta necesidad, adem\u00e1s en caso de hacer uso de ella sea con acorde a los principios de legalidad y proporcionalidad.<\/p>\n\n\n\n<p>Inst\u00f3 a las autoridades municipales, estatales y federales a abstenerse de criminalizar la migraci\u00f3n, pues quienes integran la caravana migrante son personas que se encuentran en situaci\u00f3n de vulnerabilidad y requieren una protecci\u00f3n acorde a su condici\u00f3n, la Defensor\u00eda resalt\u00f3 que independientemente de la condici\u00f3n migratoria de las personas el Estado tiene la obligaci\u00f3n de proteger sus derechos humanos.<\/p>\n\n\n\n<p>La instituci\u00f3n defensora de derechos humanos record\u00f3 que migrar no es un delito, sino un derecho, adem\u00e1s que los movimientos migratorios masivos que venimos observando desde hace a\u00f1os son producto de las dif\u00edciles condiciones que enfrentan las personas en sus pa\u00edses, pues debido a la violencia generalizada, la discriminaci\u00f3n, la pobreza y la desigualdad las personas se ven obligadas a abandonar sus lugares de origen para buscar mejores condiciones de vida.<\/p>\n","protected":false},"excerpt":{"rendered":"<p>Redacci\u00f3n\/Zona Roja. Oaxaca de Ju\u00e1rez, Oax., 8 de noviembre de 2021.- La caravana de migrantes&hellip;<\/p>\n","protected":false},"author":2,"featured_media":34050,"comment_status":"closed","ping_status":"open","sticky":false,"template":"","format":"standard","meta":{"_lmt_disableupdate":"","_lmt_disable":"","_jetpack_memberships_contains_paid_content":false,"footnotes":""},"categories":[109,47],"tags":[2944],"class_list":["post-34049","post","type-post","status-publish","format-standard","has-post-thumbnail","hentry","category-minuto-a-minuto","category-zona-gris","tag-caravana-migrantes-centroamericanos"],"jetpack_featured_media_url":"https:\/\/zonaroja.com.mx\/wp-content\/uploads\/2021\/11\/Migrantes-centroamericanos.jpg","jetpack_sharing_enabled":true,"_links":{"self":[{"href":"https:\/\/zonaroja.com.mx\/index.php?rest_route=\/wp\/v2\/posts\/34049","targetHints":{"allow":["GET"]}}],"collection":[{"href":"https:\/\/zonaroja.com.mx\/index.php?rest_route=\/wp\/v2\/posts"}],"about":[{"href":"https:\/\/zonaroja.com.mx\/index.php?rest_route=\/wp\/v2\/types\/post"}],"author":[{"embeddable":true,"href":"https:\/\/zonaroja.com.mx\/index.php?rest_route=\/wp\/v2\/users\/2"}],"replies":[{"embeddable":true,"href":"https:\/\/zonaroja.com.mx\/index.php?rest_route=%2Fwp%2Fv2%2Fcomments&post=34049"}],"version-history":[{"count":1,"href":"https:\/\/zonaroja.com.mx\/index.php?rest_route=\/wp\/v2\/posts\/34049\/revisions"}],"predecessor-version":[{"id":34051,"href":"https:\/\/zonaroja.com.mx\/index.php?rest_route=\/wp\/v2\/posts\/34049\/revisions\/34051"}],"wp:featuredmedia":[{"embeddable":true,"href":"https:\/\/zonaroja.com.mx\/index.php?rest_route=\/wp\/v2\/media\/34050"}],"wp:attachment":[{"href":"https:\/\/zonaroja.com.mx\/index.php?rest_route=%2Fwp%2Fv2%2Fmedia&parent=34049"}],"wp:term":[{"taxonomy":"category","embeddable":true,"href":"https:\/\/zonaroja.com.mx\/index.php?rest_route=%2Fwp%2Fv2%2Fcategories&post=34049"},{"taxonomy":"post_tag","embeddable":true,"href":"https:\/\/zonaroja.com.mx\/index.php?rest_route=%2Fwp%2Fv2%2Ftags&post=34049"}],"curies":[{"name":"wp","href":"https:\/\/api.w.org\/{rel}","templated":true}]}}