{"id":34056,"date":"2021-11-08T15:42:05","date_gmt":"2021-11-08T21:42:05","guid":{"rendered":"http:\/\/www.zonaroja.com.mx\/?p=34056"},"modified":"2021-11-08T15:42:08","modified_gmt":"2021-11-08T21:42:08","slug":"impulsaran-candidatura-independiente-indigena-para-la-gubernatura-de-oaxaca","status":"publish","type":"post","link":"https:\/\/zonaroja.com.mx\/?p=34056","title":{"rendered":"Impulsar\u00e1n candidatura independiente ind\u00edgena para la gubernatura de Oaxaca&nbsp;"},"content":{"rendered":"\n<p>Evlin Arag\u00f3n\/Zona Roja.<\/p>\n\n\n\n<p>Oaxaca de Ju\u00e1rez, Oax., 8 de noviembre de 2021.- Integrantes de la agrupaci\u00f3n de reciente creaci\u00f3n \u201cNuevo Espacio\u201d presentaron esta ma\u00f1ana a su Comit\u00e9 Estatal, encabezado por Ugaldo Leonel L\u00f3pez L\u00f3pez, mediante el cual pretenden impulsar una candidatura independiente ind\u00edgena para la gubernatura de Oaxaca.&nbsp;<\/p>\n\n\n\n<p>El dirigente nacional y actual diputado federal, Vicente Alberto Onofre V\u00e1squez, asegur\u00f3 que la sociedad no puede permitir m\u00e1s de los mismo, al asegurar que, aunque han cambiado los rostros e incluso los partidos al frente del pa\u00eds, la administraci\u00f3n p\u00fablica est\u00e1 desfasada y rebasada.&nbsp;<\/p>\n\n\n\n<p>De ah\u00ed que buscan impulsar una candidatura independiente y adem\u00e1s ind\u00edgena, que obligue al estado a reformar el proyecto de Nuevo Espacio.<\/p>\n\n\n\n<p>Por su parte, Jes\u00fas L\u00f3pez Rodr\u00edguez, vicepresidente nacional de la organizaci\u00f3n, asegur\u00f3 que se trata de una nueva forma de hacer pol\u00edtica, con un programa de gobierno claro y espec\u00edfico que en verdad promueva un cambio en la sociedad oaxaque\u00f1a.<\/p>\n\n\n\n<p>Y es que explic\u00f3, las personas que actualmente se han pronunciado con aspiraciones a la gubernatura carecen de un plan y busca que su cercan\u00eda con el Presidente de la Rep\u00fablica les del triunfo porque carecen de un proyecto propio de cambio.&nbsp;<\/p>\n\n\n\n<p>\u201cSolo est\u00e1n buscando posicionarse para que el pueblo no vote por ellos sino por el presidente de la Rep\u00fablica, que en Oaxaca tiene mucha popularidad\u201d, dijo el ex perredista y ex diputado local.&nbsp;<\/p>\n\n\n\n<p>Por lo anterior, detall\u00f3 es indispensable impulsar un candidato o candidata emanada del pueblo y que represente a los sectores m\u00e1s vulnerables, de ah\u00ed que anunciaron el inicio de la afiliaci\u00f3n correspondiente para buscar por la v\u00eda legal una candidatura independiente ind\u00edgena a la gubernatura de Oaxaca.\u00a0<\/p>\n\n\n\n<figure class=\"wp-block-embed is-type-rich is-provider-twitter wp-block-embed-twitter\"><div class=\"wp-block-embed__wrapper\">\n<div class=\"twitter-tweet\"><blockquote class=\"twitter-tweet\" data-lang=\"es\"><p lang=\"es\" dir=\"ltr\"><a href=\"https:\/\/twitter.com\/hashtag\/ENVIVO?src=hash&amp;ref_src=twsrc%5Etfw\">#ENVIVO<\/a> <br>Oaxaca de Ju\u00e1rez, Oax., 8 de noviembre de 2021.- Conferencia de prensa para presentar la agrupaci\u00f3n \u201dNuevo Espacio\u201d y su comit\u00e9 estatal <a href=\"https:\/\/twitter.com\/hashtag\/Oaxaca?src=hash&amp;ref_src=twsrc%5Etfw\">#Oaxaca<\/a>. <br><br>Siga aqu\u00ed la transmisi\u00f3n:<br>\ud83d\udc47<a href=\"https:\/\/t.co\/TdPFh4jW4m\">https:\/\/t.co\/TdPFh4jW4m<\/a> <a href=\"https:\/\/t.co\/nEzJmYZW2d\">pic.twitter.com\/nEzJmYZW2d<\/a><\/p>&mdash; Zona Roja Oaxaca (@Zona_Roja_Oax) <a href=\"https:\/\/twitter.com\/Zona_Roja_Oax\/status\/1457750733500018690?ref_src=twsrc%5Etfw\">8 de noviembre de 2021<\/a><\/blockquote><\/div>\n<\/div><\/figure>\n\n\n\n<p>\u00abVamos a buscar las firmas necesarias, tenemos hasta el 12 de diciembre para presentar la solicitud y hasta mediados de febrero para conseguir las firmas del dos por ciento del padr\u00f3n electoral. Estamos seguros que lo vamos a conseguir\u00bb, sentenci\u00f3.<\/p>\n\n\n\n<p>Mediante su pronunciamiento, indicaron que buscan un candidato capaz de vislumbrar las diversas problem\u00e1ticas sociales y sus soluciones, con capacidad probada y vasta experiencia, de ah\u00ed que promover\u00e1n una campa\u00f1a de propuestas y soluciones que incluye un nuevo proyecto emanado del pueblo para crear una nueva Constituci\u00f3n.&nbsp;<\/p>\n\n\n\n<p>Dentro de las principales modificaciones a la ley local, se prev\u00e9 la inclusi\u00f3n de un cuarto poder \u201cEl Popular\u201d, la distribuci\u00f3n de la riqueza, la recuperaci\u00f3n del territorio y con ello no m\u00e1s concesiones mineras, juicio popular contra corruptos y elecci\u00f3n de funcionarios de manera popular y atenci\u00f3n especial al medioambiente.<\/p>\n\n\n\n<p>As\u00ed mismo el reconocimiento de las organizaciones sociales, subsidio integral al campo oaxaque\u00f1o, implementaci\u00f3n de un seguro estatal de desempleo, el impulso del Plan para la Transformaci\u00f3n de la Educaci\u00f3n en Oaxaca (PTEO) por ser una propuesta especializada; as\u00ed como reconocimiento de los pueblos ind\u00edgenas y afromexicanos.<\/p>\n","protected":false},"excerpt":{"rendered":"<p>Evlin Arag\u00f3n\/Zona Roja. Oaxaca de Ju\u00e1rez, Oax., 8 de noviembre de 2021.- Integrantes de la&hellip;<\/p>\n","protected":false},"author":2,"featured_media":34057,"comment_status":"closed","ping_status":"open","sticky":false,"template":"","format":"standard","meta":{"_lmt_disableupdate":"","_lmt_disable":"","_jetpack_memberships_contains_paid_content":false,"footnotes":""},"categories":[109,47],"tags":[],"class_list":["post-34056","post","type-post","status-publish","format-standard","has-post-thumbnail","hentry","category-minuto-a-minuto","category-zona-gris"],"jetpack_featured_media_url":"https:\/\/zonaroja.com.mx\/wp-content\/uploads\/2021\/11\/Asociacion-Civil-Nuevo-Espacio.jpg","jetpack_sharing_enabled":true,"_links":{"self":[{"href":"https:\/\/zonaroja.com.mx\/index.php?rest_route=\/wp\/v2\/posts\/34056","targetHints":{"allow":["GET"]}}],"collection":[{"href":"https:\/\/zonaroja.com.mx\/index.php?rest_route=\/wp\/v2\/posts"}],"about":[{"href":"https:\/\/zonaroja.com.mx\/index.php?rest_route=\/wp\/v2\/types\/post"}],"author":[{"embeddable":true,"href":"https:\/\/zonaroja.com.mx\/index.php?rest_route=\/wp\/v2\/users\/2"}],"replies":[{"embeddable":true,"href":"https:\/\/zonaroja.com.mx\/index.php?rest_route=%2Fwp%2Fv2%2Fcomments&post=34056"}],"version-history":[{"count":1,"href":"https:\/\/zonaroja.com.mx\/index.php?rest_route=\/wp\/v2\/posts\/34056\/revisions"}],"predecessor-version":[{"id":34058,"href":"https:\/\/zonaroja.com.mx\/index.php?rest_route=\/wp\/v2\/posts\/34056\/revisions\/34058"}],"wp:featuredmedia":[{"embeddable":true,"href":"https:\/\/zonaroja.com.mx\/index.php?rest_route=\/wp\/v2\/media\/34057"}],"wp:attachment":[{"href":"https:\/\/zonaroja.com.mx\/index.php?rest_route=%2Fwp%2Fv2%2Fmedia&parent=34056"}],"wp:term":[{"taxonomy":"category","embeddable":true,"href":"https:\/\/zonaroja.com.mx\/index.php?rest_route=%2Fwp%2Fv2%2Fcategories&post=34056"},{"taxonomy":"post_tag","embeddable":true,"href":"https:\/\/zonaroja.com.mx\/index.php?rest_route=%2Fwp%2Fv2%2Ftags&post=34056"}],"curies":[{"name":"wp","href":"https:\/\/api.w.org\/{rel}","templated":true}]}}