{"id":34059,"date":"2021-11-08T16:01:30","date_gmt":"2021-11-08T22:01:30","guid":{"rendered":"http:\/\/www.zonaroja.com.mx\/?p=34059"},"modified":"2021-11-08T16:01:35","modified_gmt":"2021-11-08T22:01:35","slug":"y-la-segego-de-nuevo-caos-y-protestas-en-oaxaca","status":"publish","type":"post","link":"https:\/\/zonaroja.com.mx\/?p=34059","title":{"rendered":"\u00bfY la Segego? De nuevo caos y protestas en Oaxaca"},"content":{"rendered":"\n<p>Evlin Arag\u00f3n\/Zona Roja.<\/p>\n\n\n\n<p>Oaxaca de Ju\u00e1rez, Oax., 8 de noviembre de 2021.- Este lunes, desde muy temprana hora, el inicio de semana se torn\u00f3 lleno de protestas en la capital oaxaque\u00f1a e interior del estado.<\/p>\n\n\n\n<p>Ello, ante la falta de capacidad de las instancias gubernamentales, de forma particular de la Secretar\u00eda General de Gobierno, a cargo de Francisco Garc\u00eda L\u00f3pez.<\/p>\n\n\n\n<p>Antes de las siete de la ma\u00f1ana, personal despedido de los Servicios de Salud de Oaxaca (SSO) se manifest\u00f3 en la caseta de cobro de Huitzo para recordar que fue desde el pasado 15 de septiembre que fueron despedidos de manera injustificada y, aunque han solicitado su reinstalaci\u00f3n, la autoridad encabezada por Juan Carlos M\u00e1rquez Heine ha ignorado su solicitud y ha dejado a ciento de familias sin un ingreso.&nbsp;<\/p>\n\n\n\n<p>Al lugar tambi\u00e9n arribaron integrantes del Frente Ind\u00edgena de Organizaciones Binacionales (FIOB) quienes de primera cuenta solicitaron cooperaci\u00f3n voluntaria a las y los automovilistas y posteriormente impidieron el paso en el lugar de manera moment\u00e1nea; m\u00e1s tarde se anunci\u00f3 la llegada de personas adheridas a la organizaci\u00f3n social \u201cColonias Unidas y Habitantes de Nochixtl\u00e1n\u201d lo que ocasion\u00f3 un ligero enfrentamiento entre los grupos quienes tardaron en llegar a acuerdos para el cobro de cuotas.<\/p>\n\n\n\n<p>La situaci\u00f3n complic\u00f3 la entrada-salida de la ciudad y decenas de automovilistas se vieron afectados de nueva cuenta con las protestas, ya cotidianas, en dicho lugar.&nbsp;<\/p>\n\n\n\n<p>TAMBI\u00c9N SEIEBO<\/p>\n\n\n\n<p>Minutos m\u00e1s tarde, a la Junta Local de Conciliaci\u00f3n y Arbitraje llegaron integrantes del Sindicato de Empleados del Instituto de Estudios de Bachillerato del Estado de Oaxaca (SEIEBO) quienes exigieron la firma de su Contrato Colectivo de Trabajo, el reconocimiento a su labor docente y la igualdad de condiciones laborales.&nbsp;<\/p>\n\n\n\n<p>El personal sindicalizado tambi\u00e9n se manifest\u00f3 en las oficinas centrales de la instituci\u00f3n en la cual cerr\u00f3 los accesos.\u00a0<\/p>\n\n\n\n<figure class=\"wp-block-embed is-type-rich is-provider-twitter wp-block-embed-twitter\"><div class=\"wp-block-embed__wrapper\">\n<div class=\"twitter-tweet\"><blockquote class=\"twitter-tweet\" data-lang=\"es\"><p lang=\"es\" dir=\"ltr\"><a href=\"https:\/\/twitter.com\/hashtag\/%C3%9AltimoMinuto?src=hash&amp;ref_src=twsrc%5Etfw\">#\u00daltimoMinuto<\/a> <br>Inicia otra semana de intensas protestas en <a href=\"https:\/\/twitter.com\/hashtag\/Oaxaca?src=hash&amp;ref_src=twsrc%5Etfw\">#Oaxaca<\/a>. <br>Sigue retenci\u00f3n y bloqueo de comunidades de San Juan Mazatl\u00e1n Mixe en zona norte del Istmo.<br>En la capital inicia protestas Sindicato del IEBO.<br>Despedidos del sector salud \u201ctoman\u201d la caseta de peaje de Huitzo. <a href=\"https:\/\/t.co\/LvbihE9db2\">pic.twitter.com\/LvbihE9db2<\/a><\/p>&mdash; Zona Roja Oaxaca (@Zona_Roja_Oax) <a href=\"https:\/\/twitter.com\/Zona_Roja_Oax\/status\/1457709553458589710?ref_src=twsrc%5Etfw\">8 de noviembre de 2021<\/a><\/blockquote><\/div>\n<\/div><\/figure>\n\n\n\n<p>Pasadas las ocho de la ma\u00f1ana, integrantes del Sindicato de Trabajadores y Empleados de la Universidad Aut\u00f3noma \u201cBenito Ju\u00e1rez\u201d de Oaxaca (STEUABJO), encabezados por Julio C\u00e9sar Mora P\u00e9rez, tomaron las instalaciones de Ciudad Universitaria.<\/p>\n\n\n\n<p>Lo anterior, debido a la retenci\u00f3n del Impuesto sobre la Renta (ISR) que no se le hab\u00eda cobrado en 15 a\u00f1os de existencia perteneciente al Programa de Calidad, la cual califican de unilateral y de mala fe por parte de la autoridad universitaria, que est\u00e1 ma\u00f1ana les hizo una propuesta para terminar con su protesta.<\/p>\n\n\n\n<p>VIOLENCIA DE G\u00c9NERO<\/p>\n\n\n\n<p>Mientras que, previo al mediod\u00eda, mujeres provenientes de Ayoquezco de Aldama se manifestaron a las afueras del Congreso local en exigencia de una auditoria para el edil Manuel Miguel Ortiz Quintero, quien ya est\u00e1 por concluir su administraci\u00f3n y no ha cumplido con la obra p\u00fablica prometida en la localidad, ello a pesar que recibe m\u00e1s de 20 millones de pesos por parte del gobierno federal.&nbsp;<\/p>\n\n\n\n<p>En la protesta tambi\u00e9n denunciaron la violencia por raz\u00f3n de g\u00e9nero de la que han sido v\u00edctimas las regidoras de Salud, Deporte, Educaci\u00f3n y Cultura quienes desde hace meses han solicitado la destituci\u00f3n del regidor de Agricultura, Mauricio Ortega, a quien acusan de mis\u00f3gino.<\/p>\n\n\n\n<p>En el encierro de la compa\u00f1\u00eda de transporte ADO se report\u00f3 una protesta por parte de un grupo reducido de ind\u00edgenas triquis, adheridos al Movimiento de Unificaci\u00f3n y Lucha Triqui (MULT), en respaldo de trabajadores supuestamente despedidos por la empresa, piden que los liquiden en apego a la ley.<\/p>\n\n\n\n<p>Mientras que una docena de integrantes del FIOB, encabezados por F\u00e9lix Basurto Sandoval, se apersonaron en Ciudad Administrativa, luego de hacer presencia en la caseta de cobro de Huitzo.&nbsp;<\/p>\n\n\n\n<p>EN ISTMO Y TUXTEPEC<\/p>\n\n\n\n<p>Al interior del estado, en la regi\u00f3n del Istmo, se registr\u00f3 un bloqueo carretero sobre la autopista tramo La Ventosa\u2013Salina Cruz, a la altura de la caseta de cobro en Ciudad Ixtepec, por parte de pobladores de Santiago Laollaga, quienes demandan el restablecimiento del servicio de agua potable.&nbsp;<\/p>\n\n\n\n<p>Mientras que, en la Cuenca del Papaloapan, pobladores de la localidad Pueblo Viejo, se trasladaron al palacio municipal de San Jos\u00e9 Chiltepec y posteriormente bloquearon la caseta de cobro El Caracol en Tuxtepec para exigirle al edil, Mart\u00edn Garc\u00eda, la realizaci\u00f3n de obra p\u00fablica prioritaria pendiente.&nbsp;<\/p>\n","protected":false},"excerpt":{"rendered":"<p>Evlin Arag\u00f3n\/Zona Roja. Oaxaca de Ju\u00e1rez, Oax., 8 de noviembre de 2021.- Este lunes, desde&hellip;<\/p>\n","protected":false},"author":2,"featured_media":34060,"comment_status":"closed","ping_status":"open","sticky":false,"template":"","format":"standard","meta":{"_lmt_disableupdate":"","_lmt_disable":"","_jetpack_memberships_contains_paid_content":false,"footnotes":""},"categories":[109,47],"tags":[2264],"class_list":["post-34059","post","type-post","status-publish","format-standard","has-post-thumbnail","hentry","category-minuto-a-minuto","category-zona-gris","tag-bloqueos-y-protestas-oaxaca"],"jetpack_featured_media_url":"https:\/\/zonaroja.com.mx\/wp-content\/uploads\/2021\/11\/Bloqueo-Istmo-Laollaga.jpg","jetpack_sharing_enabled":true,"_links":{"self":[{"href":"https:\/\/zonaroja.com.mx\/index.php?rest_route=\/wp\/v2\/posts\/34059","targetHints":{"allow":["GET"]}}],"collection":[{"href":"https:\/\/zonaroja.com.mx\/index.php?rest_route=\/wp\/v2\/posts"}],"about":[{"href":"https:\/\/zonaroja.com.mx\/index.php?rest_route=\/wp\/v2\/types\/post"}],"author":[{"embeddable":true,"href":"https:\/\/zonaroja.com.mx\/index.php?rest_route=\/wp\/v2\/users\/2"}],"replies":[{"embeddable":true,"href":"https:\/\/zonaroja.com.mx\/index.php?rest_route=%2Fwp%2Fv2%2Fcomments&post=34059"}],"version-history":[{"count":1,"href":"https:\/\/zonaroja.com.mx\/index.php?rest_route=\/wp\/v2\/posts\/34059\/revisions"}],"predecessor-version":[{"id":34061,"href":"https:\/\/zonaroja.com.mx\/index.php?rest_route=\/wp\/v2\/posts\/34059\/revisions\/34061"}],"wp:featuredmedia":[{"embeddable":true,"href":"https:\/\/zonaroja.com.mx\/index.php?rest_route=\/wp\/v2\/media\/34060"}],"wp:attachment":[{"href":"https:\/\/zonaroja.com.mx\/index.php?rest_route=%2Fwp%2Fv2%2Fmedia&parent=34059"}],"wp:term":[{"taxonomy":"category","embeddable":true,"href":"https:\/\/zonaroja.com.mx\/index.php?rest_route=%2Fwp%2Fv2%2Fcategories&post=34059"},{"taxonomy":"post_tag","embeddable":true,"href":"https:\/\/zonaroja.com.mx\/index.php?rest_route=%2Fwp%2Fv2%2Ftags&post=34059"}],"curies":[{"name":"wp","href":"https:\/\/api.w.org\/{rel}","templated":true}]}}