{"id":34062,"date":"2021-11-08T18:25:10","date_gmt":"2021-11-09T00:25:10","guid":{"rendered":"http:\/\/www.zonaroja.com.mx\/?p=34062"},"modified":"2021-11-08T18:25:13","modified_gmt":"2021-11-09T00:25:13","slug":"preve-la-scjn-decretar-que-es-territorio-de-oaxaca-zona-de-chimalapa-en-disputa","status":"publish","type":"post","link":"https:\/\/zonaroja.com.mx\/?p=34062","title":{"rendered":"Prev\u00e9 la SCJN decretar que es territorio de Oaxaca zona de Chimalapa en disputa"},"content":{"rendered":"\n<p>Redacci\u00f3n\/Zona Roja.<\/p>\n\n\n\n<p>Oaxaca de Ju\u00e1rez, Oax., 8 de noviembre de 2021.- La Suprema Corte de Justicia de la Naci\u00f3n tiene listo el proyecto en que prev\u00e9 resolver a favor de Oaxaca la disputa de 160 mil hect\u00e1reas en la zona de los Chimalapas, que Chiapas reclama como suyo.<\/p>\n\n\n\n<p>Este lunes, el m\u00e1ximo \u00f3rgano de justicia del pa\u00eds inici\u00f3 el an\u00e1lisis de la controversia constitucional que data del a\u00f1o 2012 sobre los l\u00edmites de tierra, en que el estado vecino decret\u00f3 la creaci\u00f3n de del municipio de Belisario Dom\u00ednguez, el 23 de noviembre de 2011.<\/p>\n\n\n\n<p>En lo general, el pleno de la SCJN aprob\u00f3 la propuesta de sentencia del ministro Fernando Franco, que ratifica el l\u00edmite reclamado por Oaxaca en la controversia inicial, interpuesta el 29 de noviembre de 2012 y admitida formalmente el 20 de diciembre de ese mismo a\u00f1o.<\/p>\n\n\n\n<figure class=\"wp-block-embed is-type-rich is-provider-twitter wp-block-embed-twitter\"><div class=\"wp-block-embed__wrapper\">\n<div class=\"twitter-tweet\"><blockquote class=\"twitter-tweet\" data-lang=\"es\"><p lang=\"es\" dir=\"ltr\">El Pleno de la SCJN inici\u00f3 el an\u00e1lisis de la controversia constitucional sobre los l\u00edmites territoriales entre los Estados de Oaxaca y Chiapas tras la creaci\u00f3n del Municipio de Belisario Dom\u00ednguez. <a href=\"https:\/\/t.co\/S6j9Q2GI32\">pic.twitter.com\/S6j9Q2GI32<\/a><\/p>&mdash; Suprema Corte (@SCJN) <a href=\"https:\/\/twitter.com\/SCJN\/status\/1457844202352566272?ref_src=twsrc%5Etfw\">8 de noviembre de 2021<\/a><\/blockquote><\/div>\n<\/div><\/figure>\n\n\n\n<p>Ser\u00e1 el pr\u00f3ximo jueves 11 de noviembre en que el pleno retomar\u00e1 el caso, para dar cumplimiento a la propuesta general de hoy. As\u00ed, confirmar\u00eda que las 160 mil hect\u00e1reas corresponden a Oaxaca, en este caso a los municipios de San Miguel y de Santa Mar\u00eda Chimalapa.<\/p>\n\n\n\n<p>\u201cEn esta sesi\u00f3n, dentro de los aspectos procesales preliminares, el pleno determin\u00f3 que este tipo de procedimiento por conflicto de l\u00edmites territoriales, previsto en el art\u00edculo 46 constitucional, es de naturaleza declarativa y constitutiva, no anulativa.<\/p>\n\n\n\n<p>\u201cPor lo que, en este caso, la Litis consiste s\u00f3lo en fijar el l\u00edmite territorial de ambas entidades federativas, sin que sea objeto de estudio la valides de los dem\u00e1s actos impugnados.<\/p>\n\n\n\n<p>\u201cLa discusi\u00f3n de este asunto continuar\u00e1 en la sesi\u00f3n del pleno del jueves 11 del mes y a\u00f1o en curso, en la que se analizar\u00e1 la propuesta del proyecto para determinar la l\u00ednea lim\u00edtrofe que debe regir entre los estados de Oaxaca y Chiapas\u201d, dio a conocer la Suprema Corte, a trav\u00e9s de sus redes sociales.<\/p>\n","protected":false},"excerpt":{"rendered":"<p>Redacci\u00f3n\/Zona Roja. Oaxaca de Ju\u00e1rez, Oax., 8 de noviembre de 2021.- La Suprema Corte de&hellip;<\/p>\n","protected":false},"author":2,"featured_media":34063,"comment_status":"closed","ping_status":"open","sticky":false,"template":"","format":"standard","meta":{"_lmt_disableupdate":"","_lmt_disable":"","_jetpack_memberships_contains_paid_content":false,"footnotes":""},"categories":[109,46],"tags":[1226],"class_list":["post-34062","post","type-post","status-publish","format-standard","has-post-thumbnail","hentry","category-minuto-a-minuto","category-zona-blanca","tag-santa-maria-chimalapa-2"],"jetpack_featured_media_url":"https:\/\/zonaroja.com.mx\/wp-content\/uploads\/2021\/11\/Chimalapas-2.jpg","jetpack_sharing_enabled":true,"_links":{"self":[{"href":"https:\/\/zonaroja.com.mx\/index.php?rest_route=\/wp\/v2\/posts\/34062","targetHints":{"allow":["GET"]}}],"collection":[{"href":"https:\/\/zonaroja.com.mx\/index.php?rest_route=\/wp\/v2\/posts"}],"about":[{"href":"https:\/\/zonaroja.com.mx\/index.php?rest_route=\/wp\/v2\/types\/post"}],"author":[{"embeddable":true,"href":"https:\/\/zonaroja.com.mx\/index.php?rest_route=\/wp\/v2\/users\/2"}],"replies":[{"embeddable":true,"href":"https:\/\/zonaroja.com.mx\/index.php?rest_route=%2Fwp%2Fv2%2Fcomments&post=34062"}],"version-history":[{"count":1,"href":"https:\/\/zonaroja.com.mx\/index.php?rest_route=\/wp\/v2\/posts\/34062\/revisions"}],"predecessor-version":[{"id":34064,"href":"https:\/\/zonaroja.com.mx\/index.php?rest_route=\/wp\/v2\/posts\/34062\/revisions\/34064"}],"wp:featuredmedia":[{"embeddable":true,"href":"https:\/\/zonaroja.com.mx\/index.php?rest_route=\/wp\/v2\/media\/34063"}],"wp:attachment":[{"href":"https:\/\/zonaroja.com.mx\/index.php?rest_route=%2Fwp%2Fv2%2Fmedia&parent=34062"}],"wp:term":[{"taxonomy":"category","embeddable":true,"href":"https:\/\/zonaroja.com.mx\/index.php?rest_route=%2Fwp%2Fv2%2Fcategories&post=34062"},{"taxonomy":"post_tag","embeddable":true,"href":"https:\/\/zonaroja.com.mx\/index.php?rest_route=%2Fwp%2Fv2%2Ftags&post=34062"}],"curies":[{"name":"wp","href":"https:\/\/api.w.org\/{rel}","templated":true}]}}