{"id":34065,"date":"2021-11-08T19:32:46","date_gmt":"2021-11-09T01:32:46","guid":{"rendered":"http:\/\/www.zonaroja.com.mx\/?p=34065"},"modified":"2021-11-08T19:32:49","modified_gmt":"2021-11-09T01:32:49","slug":"revelan-delitos-que-imputan-a-diputado-gustavo-d-s-y-a-su-hijo","status":"publish","type":"post","link":"https:\/\/zonaroja.com.mx\/?p=34065","title":{"rendered":"Revelan delitos que imputan a diputado Gustavo D. S. y a su hijo"},"content":{"rendered":"\n<p>Redacci\u00f3n\/Zona Roja.<\/p>\n\n\n\n<p>Oaxaca de Ju\u00e1rez, Oax., 8 de noviembre de 2021.- La Fiscal\u00eda General del Estado de Veracruz dio a conocer hoy las fichas en que detalla los delitos que imputa al diputado oaxaque\u00f1o por el PRI, Gustavo D. S., y a su hijo Jos\u00e9 Alberto \u201cN\u201d.<\/p>\n\n\n\n<p>En el caso del representante popular local, est\u00e1 acusado de ultrajes a la autoridad, da\u00f1os y delito contra la salud.<\/p>\n\n\n\n<p>Con respecto al hijo del legislador, est\u00e1 se\u00f1alado por lesiones, delitos contra la salud, da\u00f1os dolosos y contra las instituciones de seguridad p\u00fablica. Por los mismos delitos est\u00e1 acusado tambi\u00e9n Oliver \u201cN\u201d, su compa\u00f1ero con el que fue detenido.<\/p>\n\n\n\n<p>\u201c\u00a1Denuncia! Si lo reconoces como probable autor de alg\u00fan delito\u201d, se\u00f1ala las fichas, que difunde la Fiscal\u00eda veracruzana a trav\u00e9s de su portal de internet. Ambos fueron detenidos, en hechos distintos, el pasado jueves 4 de octubre por la tarde. A los dos tambi\u00e9n se les decret\u00f3 prisi\u00f3n preventiva y su situaci\u00f3n jur\u00eddica se resolver\u00e1 el pr\u00f3ximo viernes 12 de noviembre.<\/p>\n","protected":false},"excerpt":{"rendered":"<p>Redacci\u00f3n\/Zona Roja. Oaxaca de Ju\u00e1rez, Oax., 8 de noviembre de 2021.- La Fiscal\u00eda General del&hellip;<\/p>\n","protected":false},"author":2,"featured_media":34066,"comment_status":"closed","ping_status":"open","sticky":false,"template":"","format":"standard","meta":{"_lmt_disableupdate":"","_lmt_disable":"","_jetpack_memberships_contains_paid_content":false,"footnotes":""},"categories":[109,47],"tags":[671],"class_list":["post-34065","post","type-post","status-publish","format-standard","has-post-thumbnail","hentry","category-minuto-a-minuto","category-zona-gris","tag-gustavo-diaz-sanchez"],"jetpack_featured_media_url":"https:\/\/zonaroja.com.mx\/wp-content\/uploads\/2021\/11\/Fichas-Gustavo-Diaz-e-hijo.jpg","jetpack_sharing_enabled":true,"_links":{"self":[{"href":"https:\/\/zonaroja.com.mx\/index.php?rest_route=\/wp\/v2\/posts\/34065","targetHints":{"allow":["GET"]}}],"collection":[{"href":"https:\/\/zonaroja.com.mx\/index.php?rest_route=\/wp\/v2\/posts"}],"about":[{"href":"https:\/\/zonaroja.com.mx\/index.php?rest_route=\/wp\/v2\/types\/post"}],"author":[{"embeddable":true,"href":"https:\/\/zonaroja.com.mx\/index.php?rest_route=\/wp\/v2\/users\/2"}],"replies":[{"embeddable":true,"href":"https:\/\/zonaroja.com.mx\/index.php?rest_route=%2Fwp%2Fv2%2Fcomments&post=34065"}],"version-history":[{"count":1,"href":"https:\/\/zonaroja.com.mx\/index.php?rest_route=\/wp\/v2\/posts\/34065\/revisions"}],"predecessor-version":[{"id":34067,"href":"https:\/\/zonaroja.com.mx\/index.php?rest_route=\/wp\/v2\/posts\/34065\/revisions\/34067"}],"wp:featuredmedia":[{"embeddable":true,"href":"https:\/\/zonaroja.com.mx\/index.php?rest_route=\/wp\/v2\/media\/34066"}],"wp:attachment":[{"href":"https:\/\/zonaroja.com.mx\/index.php?rest_route=%2Fwp%2Fv2%2Fmedia&parent=34065"}],"wp:term":[{"taxonomy":"category","embeddable":true,"href":"https:\/\/zonaroja.com.mx\/index.php?rest_route=%2Fwp%2Fv2%2Fcategories&post=34065"},{"taxonomy":"post_tag","embeddable":true,"href":"https:\/\/zonaroja.com.mx\/index.php?rest_route=%2Fwp%2Fv2%2Ftags&post=34065"}],"curies":[{"name":"wp","href":"https:\/\/api.w.org\/{rel}","templated":true}]}}