{"id":34068,"date":"2021-11-08T20:39:31","date_gmt":"2021-11-09T02:39:31","guid":{"rendered":"http:\/\/www.zonaroja.com.mx\/?p=34068"},"modified":"2021-11-08T20:39:35","modified_gmt":"2021-11-09T02:39:35","slug":"sector-salud-en-alerta-ante-arribo-de-migrantes-a-oaxaca-se-quedan-en-chahuites","status":"publish","type":"post","link":"https:\/\/zonaroja.com.mx\/?p=34068","title":{"rendered":"Sector salud en alerta, ante arribo de migrantes a Oaxaca; se quedan en Chahuites"},"content":{"rendered":"\n<p>Redacci\u00f3n\/Zona Roja.<\/p>\n\n\n\n<p>Oaxaca de Ju\u00e1rez, Oax., 8 de noviembre de 2021.- La caravana de migrantes indocumentados avanz\u00f3 este lunes de Los Corazones, San Pedro Tapanatepec, al municipio de Chahuites, donde pernocta hoy.<\/p>\n\n\n\n<p>En tanto, los Servicios de Salud de Oaxaca (SSO) reportaron que se activ\u00f3 el Plan de Atenci\u00f3n en materia sanitaria, para brindar una respuesta integral a la poblaci\u00f3n y migrantes en tr\u00e1nsito en la regi\u00f3n del Istmo de Tehuantepec.<\/p>\n\n\n\n<p>La instituci\u00f3n precis\u00f3 que los objetivos prioritarios de este plan son fortalecer la vigilancia epidemiol\u00f3gica en las comunidades que se encuentran en el paso de las y los migrantes, adem\u00e1s de detectar y controlar oportunamente brotes y casos de enfermedades emergentes, que pudieran causar problemas de salud p\u00fablica a nivel regional.<\/p>\n\n\n\n<p>As\u00ed como identificar y atender de manera oportuna a personas enfermas con cuadros sospechosos o probables de padecimientos transmisibles que pongan en riesgo el bienestar de la poblaci\u00f3n local y extranjera, expuso en un comunicado.<\/p>\n\n\n\n<p>Mencion\u00f3 que conjuntamente se dise\u00f1aron protocolos sanitarios apropiados a la complejidad de la movilidad migratoria, reforzando adem\u00e1s los programas de Salud Reproductiva, Control Vectorial, Epidemiolog\u00eda, Regulaci\u00f3n y Fomento Sanitario.<\/p>\n\n\n\n<p>Indic\u00f3 que este Plan se lleva a cabo en coordinaci\u00f3n con el personal de la Jurisdicci\u00f3n Sanitaria n\u00famero \u201cDos\u201d Istmo, el Instituto Mexicano del Seguro Social (IMSS) R\u00e9gimen Ordinario, Secretar\u00eda de Bienestar, Petr\u00f3leos Mexicanos (Pemex), Secretar\u00eda de la Marina (SEMAR), Secretar\u00eda de la Defensa Nacional (Sedena), Instituto de Seguridad y Servicios Sociales de los Trabajadores del Estado (ISSSTE).<\/p>\n\n\n\n<p>Adem\u00e1s del Sistema para el Desarrollo Integral de la Familia (DIF) Oaxaca, la Defensor\u00eda de los Derechos Humanos del Pueblo de Oaxaca (DDHPO), la Coordinaci\u00f3n Estatal de Protecci\u00f3n Civil de Oaxaca (CEPCO) y autoridades municipales.<\/p>\n\n\n\n<p>En este sentido, detall\u00f3 que desde el d\u00eda s\u00e1bado 7 de noviembre, el Comit\u00e9 Estatal de Seguridad en Salud est\u00e1 en sesi\u00f3n permanente y se mantendr\u00e1 as\u00ed durante el tr\u00e1nsito de la caravana por el \u00e1rea de influencia, en constante coordinaci\u00f3n con los tres niveles de gobierno e instancias del Sector Salud.<\/p>\n","protected":false},"excerpt":{"rendered":"<p>Redacci\u00f3n\/Zona Roja. Oaxaca de Ju\u00e1rez, Oax., 8 de noviembre de 2021.- La caravana de migrantes&hellip;<\/p>\n","protected":false},"author":2,"featured_media":34069,"comment_status":"closed","ping_status":"open","sticky":false,"template":"","format":"standard","meta":{"_lmt_disableupdate":"","_lmt_disable":"","_jetpack_memberships_contains_paid_content":false,"footnotes":""},"categories":[109,47],"tags":[2944],"class_list":["post-34068","post","type-post","status-publish","format-standard","has-post-thumbnail","hentry","category-minuto-a-minuto","category-zona-gris","tag-caravana-migrantes-centroamericanos"],"jetpack_featured_media_url":"https:\/\/zonaroja.com.mx\/wp-content\/uploads\/2021\/11\/Migrantes-Chahuites.jpg","jetpack_sharing_enabled":true,"_links":{"self":[{"href":"https:\/\/zonaroja.com.mx\/index.php?rest_route=\/wp\/v2\/posts\/34068","targetHints":{"allow":["GET"]}}],"collection":[{"href":"https:\/\/zonaroja.com.mx\/index.php?rest_route=\/wp\/v2\/posts"}],"about":[{"href":"https:\/\/zonaroja.com.mx\/index.php?rest_route=\/wp\/v2\/types\/post"}],"author":[{"embeddable":true,"href":"https:\/\/zonaroja.com.mx\/index.php?rest_route=\/wp\/v2\/users\/2"}],"replies":[{"embeddable":true,"href":"https:\/\/zonaroja.com.mx\/index.php?rest_route=%2Fwp%2Fv2%2Fcomments&post=34068"}],"version-history":[{"count":1,"href":"https:\/\/zonaroja.com.mx\/index.php?rest_route=\/wp\/v2\/posts\/34068\/revisions"}],"predecessor-version":[{"id":34070,"href":"https:\/\/zonaroja.com.mx\/index.php?rest_route=\/wp\/v2\/posts\/34068\/revisions\/34070"}],"wp:featuredmedia":[{"embeddable":true,"href":"https:\/\/zonaroja.com.mx\/index.php?rest_route=\/wp\/v2\/media\/34069"}],"wp:attachment":[{"href":"https:\/\/zonaroja.com.mx\/index.php?rest_route=%2Fwp%2Fv2%2Fmedia&parent=34068"}],"wp:term":[{"taxonomy":"category","embeddable":true,"href":"https:\/\/zonaroja.com.mx\/index.php?rest_route=%2Fwp%2Fv2%2Fcategories&post=34068"},{"taxonomy":"post_tag","embeddable":true,"href":"https:\/\/zonaroja.com.mx\/index.php?rest_route=%2Fwp%2Fv2%2Ftags&post=34068"}],"curies":[{"name":"wp","href":"https:\/\/api.w.org\/{rel}","templated":true}]}}