{"id":34071,"date":"2021-11-08T21:54:53","date_gmt":"2021-11-09T03:54:53","guid":{"rendered":"http:\/\/www.zonaroja.com.mx\/?p=34071"},"modified":"2021-11-08T21:54:58","modified_gmt":"2021-11-09T03:54:58","slug":"seguidores-de-salomon-jara-usan-vehiculo-robado-para-proselitismo","status":"publish","type":"post","link":"https:\/\/zonaroja.com.mx\/?p=34071","title":{"rendered":"Seguidores de Salom\u00f3n Jara usan veh\u00edculo robado para proselitismo"},"content":{"rendered":"\n<p>Redacci\u00f3n\/Zona Roja.<\/p>\n\n\n\n<p>Oaxaca de Ju\u00e1rez, Oax., 8 de noviembre de 2021.- Personal de la Polic\u00eda Vial Estatal detect\u00f3 un veh\u00edculo con reporte de robo, cuando ingresaba a la ciudad de Oaxaca, por la carretera Internacional Oaxaca-M\u00e9xico.<\/p>\n\n\n\n<p>Se trata de una camioneta marca Nissan, tipo Urvan, modelo 2017, con placas de circulaci\u00f3n PVL-647C, que seg\u00fan verificaron ante el Registro P\u00fablico Vehicular, cuenta con reporte de robo, suscitado el d\u00eda 8 de abril de este a\u00f1o, en el estado de Morelos.<\/p>\n\n\n\n<p>La unidad de motor estaba tapizada en su exterior con anuncios de campa\u00f1a a favor del senador Salom\u00f3n Jara Cruz, del Partido Morena, y del edil de Santiago Juxtlahuaca, Nicol\u00e1s Feria Romero: \u00abBrigada Salom\u00f3n Jara\u00bb y \u00abMorenaje\u00bb, con la imagen caricaturizada del Presidente Andr\u00e9s Manuel L\u00f3pez Obrador, son los r\u00f3tulos que portaba.<\/p>\n\n\n\n<p>Presuntamente la unidad de motor con simpatizantes del senador, que busca ser candidato a gobernador de Oaxaca, se dirig\u00eda a una reuni\u00f3n de trabajo a oficinas del Gobierno del Estado.<\/p>\n\n\n\n<p>V\u00eda redes sociales, tanto Jara Cruz como sus seguidores y defensores, descalificaron las im\u00e1genes y el reporte de robo; consideraron que se trata de una \u201ccampa\u00f1a\u201d en su contra para minar la imagen del morenista.<\/p>\n\n\n\n<p>En tanto, la Polic\u00eda Vial Estatal no ha dado a conocer si consign\u00f3 a los ocupantes y en particular al chofer, y si retuvo el veh\u00edculo o dej\u00f3 que continuara su trayecto.<\/p>\n","protected":false},"excerpt":{"rendered":"<p>Redacci\u00f3n\/Zona Roja. Oaxaca de Ju\u00e1rez, Oax., 8 de noviembre de 2021.- Personal de la Polic\u00eda&hellip;<\/p>\n","protected":false},"author":2,"featured_media":34072,"comment_status":"closed","ping_status":"open","sticky":false,"template":"","format":"standard","meta":{"_lmt_disableupdate":"","_lmt_disable":"","_jetpack_memberships_contains_paid_content":false,"footnotes":""},"categories":[109,47],"tags":[939],"class_list":["post-34071","post","type-post","status-publish","format-standard","has-post-thumbnail","hentry","category-minuto-a-minuto","category-zona-gris","tag-salomon-jara-cruz"],"jetpack_featured_media_url":"https:\/\/zonaroja.com.mx\/wp-content\/uploads\/2021\/11\/Vehiculo-con-reporte-de-robo-seguidores-Salomon.jpg","jetpack_sharing_enabled":true,"_links":{"self":[{"href":"https:\/\/zonaroja.com.mx\/index.php?rest_route=\/wp\/v2\/posts\/34071","targetHints":{"allow":["GET"]}}],"collection":[{"href":"https:\/\/zonaroja.com.mx\/index.php?rest_route=\/wp\/v2\/posts"}],"about":[{"href":"https:\/\/zonaroja.com.mx\/index.php?rest_route=\/wp\/v2\/types\/post"}],"author":[{"embeddable":true,"href":"https:\/\/zonaroja.com.mx\/index.php?rest_route=\/wp\/v2\/users\/2"}],"replies":[{"embeddable":true,"href":"https:\/\/zonaroja.com.mx\/index.php?rest_route=%2Fwp%2Fv2%2Fcomments&post=34071"}],"version-history":[{"count":1,"href":"https:\/\/zonaroja.com.mx\/index.php?rest_route=\/wp\/v2\/posts\/34071\/revisions"}],"predecessor-version":[{"id":34073,"href":"https:\/\/zonaroja.com.mx\/index.php?rest_route=\/wp\/v2\/posts\/34071\/revisions\/34073"}],"wp:featuredmedia":[{"embeddable":true,"href":"https:\/\/zonaroja.com.mx\/index.php?rest_route=\/wp\/v2\/media\/34072"}],"wp:attachment":[{"href":"https:\/\/zonaroja.com.mx\/index.php?rest_route=%2Fwp%2Fv2%2Fmedia&parent=34071"}],"wp:term":[{"taxonomy":"category","embeddable":true,"href":"https:\/\/zonaroja.com.mx\/index.php?rest_route=%2Fwp%2Fv2%2Fcategories&post=34071"},{"taxonomy":"post_tag","embeddable":true,"href":"https:\/\/zonaroja.com.mx\/index.php?rest_route=%2Fwp%2Fv2%2Ftags&post=34071"}],"curies":[{"name":"wp","href":"https:\/\/api.w.org\/{rel}","templated":true}]}}